{"id":2648,"date":"2023-07-07T14:00:56","date_gmt":"2023-07-07T12:00:56","guid":{"rendered":"https:\/\/www.abyssa.com\/?p=2648"},"modified":"2023-07-11T11:19:17","modified_gmt":"2023-07-11T09:19:17","slug":"lexploration-des-monts-sous-marins-continue","status":"publish","type":"post","link":"https:\/\/www.abyssa.com\/fr\/lexploration-des-monts-sous-marins-continue\/","title":{"rendered":"L\u2019exploration des monts sous-marins continue !"},"content":{"rendered":"<div class=\"wpb-content-wrapper\"><p>[vc_row][vc_column]<div id=\"ultimate-heading-327469f35774bbb99\" class=\"uvc-heading ult-adjust-bottom-margin ultimate-heading-327469f35774bbb99 uvc-7151 \" data-hspacer=\"no_spacer\"  data-halign=\"left\" style=\"text-align:left\"><div class=\"uvc-heading-spacer no_spacer\" style=\"top\"><\/div><div class=\"uvc-main-heading ult-responsive\"  data-ultimate-target='.uvc-heading.ultimate-heading-327469f35774bbb99 h2'  data-responsive-json-new='{\"font-size\":\"desktop:40px;\",\"line-height\":\"desktop:50px;\"}' ><h2 style=\"font-family:&#039;Exo 2&#039;;font-weight:200;margin-bottom:25px;\">Dans le cadre du projet SEAMONTI, les \u00e9quipes techniques et scientifiques de ABYSSA ont men\u00e9 en Mars 2023 une nouvelle campagne oc\u00e9anographique profonde pour le Parc Naturel Marin du Cap Corse et de l\u2019Agriate et la D\u00e9l\u00e9gation de Fa\u00e7ade M\u00e9diterran\u00e9e de l\u2019Office Fran\u00e7ais de la Biodiversit\u00e9.<\/h2><\/div><div class=\"uvc-sub-heading ult-responsive\"  data-ultimate-target='.uvc-heading.ultimate-heading-327469f35774bbb99 .uvc-sub-heading '  data-responsive-json-new='{\"font-size\":\"desktop:18px;\",\"line-height\":\"desktop:26px;\"}'  style=\"font-family:&#039;Exo 2&#039;;font-weight:300;margin-bottom:35px;\">Une exp\u00e9dition qui a tenu toute ses promesses, r\u00e9alis\u00e9e \u00e0 l\u2019aide d\u2019un ROV grand fond, dont les routes ont \u00e9t\u00e9 programm\u00e9es \u00e0 la suite de l\u2019exp\u00e9dition AUV : des images in\u00e9dites, des d\u00e9couvertes d\u2019esp\u00e8ces nouvelles, remarquables et d\u2019int\u00e9r\u00eats patrimoniales (<a href=\"https:\/\/www.abyssa.com\/fr\/retour-en-video-sur-lexpedition-seamonti-2022\/\">Retour sur l&rsquo;exp\u00e9dition du 13 Octobre 2022<\/a>) !<\/div><\/div>[vc_raw_html]JTNDdmlkZW8lMjB3aWR0aCUzRCUyMjEwMCUyNSUyMiUyMGhlaWdodCUzRCUyMmF1dG8lMjIlMjBjb250cm9scyUzRCUyMmNvbnRyb2xzJTIyJTIwY29udHJvbHNMaXN0JTNEJTIybm9kb3dubG9hZCUyMiUyMHBvc3RlciUzRCUyMmh0dHBzJTNBJTJGJTJGd3d3LmFieXNzYS5jb20lMkZhYnlzMjAyMSUyRndwLWNvbnRlbnQlMkZ1cGxvYWRzJTJGdmlkZW8lMkZzZWFtb250aXJvdjIwMjMuanBnJTIyJTNFJTBBJTIwJTIwJTNDc291cmNlJTIwc3JjJTNEJTIyaHR0cHMlM0ElMkYlMkZ3d3cuYWJ5c3NhLmNvbSUyRmFieXMyMDIxJTJGd3AtY29udGVudCUyRnVwbG9hZHMlMkZ2aWRlbyUyRkV4cGxvcmF0aW9uLVNFQU1PTlRJLVJPVi0wMzIwMjMubXA0JTIyJTIwdHlwZSUzRCUyMnZpZGVvJTJGbXA0JTIyJTIwJTJGJTNFJTBBJTIwJTIwJTNDc291cmNlJTIwc3JjJTNEJTIyaHR0cHMlM0ElMkYlMkZ3d3cuYWJ5c3NhLmNvbSUyRmFieXMyMDIxJTJGd3AtY29udGVudCUyRnVwbG9hZHMlMkZ2aWRlbyUyRkV4cGxvcmF0aW9uLVNFQU1PTlRJLVJPVi0wMzIwMjMud2VibSUyMiUyMHR5cGUlM0QlMjJ2aWRlbyUyRndlYm0lMjIlMjAlMkYlM0UlMEElM0MlMkZ2aWRlbyUzRQ==[\/vc_raw_html][\/vc_column][\/vc_row]<\/p>\n<\/div>","protected":false},"excerpt":{"rendered":"<p>Dans le cadre du projet SEAMONTI, les \u00e9quipes techniques et scientifiques de ABYSSA ont men\u00e9 en Mars 2023 une nouvelle campagne oc\u00e9anographique profonde pour le Parc Naturel Marin du Cap Corse et de l\u2019Agriate et la D\u00e9l\u00e9gation de Fa\u00e7ade M\u00e9diterran\u00e9e de l\u2019Office Fran\u00e7ais de la Biodiversit\u00e9.<\/p>\n","protected":false},"author":1,"featured_media":2656,"comment_status":"closed","ping_status":"closed","sticky":false,"template":"","format":"standard","meta":{"footnotes":""},"categories":[3],"tags":[],"class_list":["post-2648","post","type-post","status-publish","format-standard","has-post-thumbnail","hentry","category-abyssa","category-3","description-off"],"yoast_head":"<!-- This site is optimized with the Yoast SEO plugin v26.7 - https:\/\/yoast.com\/wordpress\/plugins\/seo\/ -->\n<title>Grands fonds marins Corse : zoom sur l&#039;exp\u00e9dition SEAMONTI<\/title>\n<meta name=\"description\" content=\"Les \u00e9quipes de ABYSSA ont men\u00e9 une campagne oc\u00e9anographique profonde pour le Parc Naturel Marin du Cap Corse et de l\u2019Agriate.\" \/>\n<meta name=\"robots\" content=\"index, follow, max-snippet:-1, max-image-preview:large, max-video-preview:-1\" \/>\n<link rel=\"canonical\" href=\"https:\/\/www.abyssa.com\/fr\/lexploration-des-monts-sous-marins-continue\/\" \/>\n<meta property=\"og:locale\" content=\"fr_FR\" \/>\n<meta property=\"og:type\" content=\"article\" \/>\n<meta property=\"og:title\" content=\"Grands fonds marins Corse : zoom sur l&#039;exp\u00e9dition SEAMONTI\" \/>\n<meta property=\"og:description\" content=\"Les \u00e9quipes de ABYSSA ont men\u00e9 une campagne oc\u00e9anographique profonde pour le Parc Naturel Marin du Cap Corse et de l\u2019Agriate.\" \/>\n<meta property=\"og:url\" content=\"https:\/\/www.abyssa.com\/fr\/lexploration-des-monts-sous-marins-continue\/\" \/>\n<meta property=\"og:site_name\" content=\"Abyssa\" \/>\n<meta property=\"article:published_time\" content=\"2023-07-07T12:00:56+00:00\" \/>\n<meta property=\"article:modified_time\" content=\"2023-07-11T09:19:17+00:00\" \/>\n<meta property=\"og:image\" content=\"https:\/\/www.abyssa.com\/abys2021\/wp-content\/uploads\/2023\/07\/seamonti2023.webp\" \/>\n\t<meta property=\"og:image:width\" content=\"2400\" \/>\n\t<meta property=\"og:image:height\" content=\"1351\" \/>\n\t<meta property=\"og:image:type\" content=\"image\/webp\" \/>\n<meta name=\"author\" content=\"adm_first2021\" \/>\n<meta name=\"twitter:card\" content=\"summary_large_image\" \/>\n<meta name=\"twitter:label1\" content=\"\u00c9crit par\" \/>\n\t<meta name=\"twitter:data1\" content=\"adm_first2021\" \/>\n\t<meta name=\"twitter:label2\" content=\"Dur\u00e9e de lecture estim\u00e9e\" \/>\n\t<meta name=\"twitter:data2\" content=\"1 minute\" \/>\n<script type=\"application\/ld+json\" class=\"yoast-schema-graph\">{\"@context\":\"https:\/\/schema.org\",\"@graph\":[{\"@type\":\"Article\",\"@id\":\"https:\/\/www.abyssa.com\/fr\/lexploration-des-monts-sous-marins-continue\/#article\",\"isPartOf\":{\"@id\":\"https:\/\/www.abyssa.com\/fr\/lexploration-des-monts-sous-marins-continue\/\"},\"author\":{\"name\":\"adm_first2021\",\"@id\":\"https:\/\/www.abyssa.com\/fr\/#\/schema\/person\/3c5e58cf8d5c2f3e37ec9b26fb895213\"},\"headline\":\"L\u2019exploration des monts sous-marins continue !\",\"datePublished\":\"2023-07-07T12:00:56+00:00\",\"dateModified\":\"2023-07-11T09:19:17+00:00\",\"mainEntityOfPage\":{\"@id\":\"https:\/\/www.abyssa.com\/fr\/lexploration-des-monts-sous-marins-continue\/\"},\"wordCount\":271,\"image\":{\"@id\":\"https:\/\/www.abyssa.com\/fr\/lexploration-des-monts-sous-marins-continue\/#primaryimage\"},\"thumbnailUrl\":\"https:\/\/www.abyssa.com\/abys2021\/wp-content\/uploads\/2023\/07\/seamonti2023.webp\",\"articleSection\":[\"ABYSSA\"],\"inLanguage\":\"fr-FR\"},{\"@type\":\"WebPage\",\"@id\":\"https:\/\/www.abyssa.com\/fr\/lexploration-des-monts-sous-marins-continue\/\",\"url\":\"https:\/\/www.abyssa.com\/fr\/lexploration-des-monts-sous-marins-continue\/\",\"name\":\"Grands fonds marins Corse : zoom sur l'exp\u00e9dition SEAMONTI\",\"isPartOf\":{\"@id\":\"https:\/\/www.abyssa.com\/fr\/#website\"},\"primaryImageOfPage\":{\"@id\":\"https:\/\/www.abyssa.com\/fr\/lexploration-des-monts-sous-marins-continue\/#primaryimage\"},\"image\":{\"@id\":\"https:\/\/www.abyssa.com\/fr\/lexploration-des-monts-sous-marins-continue\/#primaryimage\"},\"thumbnailUrl\":\"https:\/\/www.abyssa.com\/abys2021\/wp-content\/uploads\/2023\/07\/seamonti2023.webp\",\"datePublished\":\"2023-07-07T12:00:56+00:00\",\"dateModified\":\"2023-07-11T09:19:17+00:00\",\"author\":{\"@id\":\"https:\/\/www.abyssa.com\/fr\/#\/schema\/person\/3c5e58cf8d5c2f3e37ec9b26fb895213\"},\"description\":\"Les \u00e9quipes de ABYSSA ont men\u00e9 une campagne oc\u00e9anographique profonde pour le Parc Naturel Marin du Cap Corse et de l\u2019Agriate.\",\"breadcrumb\":{\"@id\":\"https:\/\/www.abyssa.com\/fr\/lexploration-des-monts-sous-marins-continue\/#breadcrumb\"},\"inLanguage\":\"fr-FR\",\"potentialAction\":[{\"@type\":\"ReadAction\",\"target\":[\"https:\/\/www.abyssa.com\/fr\/lexploration-des-monts-sous-marins-continue\/\"]}]},{\"@type\":\"ImageObject\",\"inLanguage\":\"fr-FR\",\"@id\":\"https:\/\/www.abyssa.com\/fr\/lexploration-des-monts-sous-marins-continue\/#primaryimage\",\"url\":\"https:\/\/www.abyssa.com\/abys2021\/wp-content\/uploads\/2023\/07\/seamonti2023.webp\",\"contentUrl\":\"https:\/\/www.abyssa.com\/abys2021\/wp-content\/uploads\/2023\/07\/seamonti2023.webp\",\"width\":2400,\"height\":1351,\"caption\":\"Seamonti 2023\"},{\"@type\":\"BreadcrumbList\",\"@id\":\"https:\/\/www.abyssa.com\/fr\/lexploration-des-monts-sous-marins-continue\/#breadcrumb\",\"itemListElement\":[{\"@type\":\"ListItem\",\"position\":1,\"name\":\"Accueil\",\"item\":\"https:\/\/www.abyssa.com\/fr\/\"},{\"@type\":\"ListItem\",\"position\":2,\"name\":\"L\u2019exploration des monts sous-marins continue !\"}]},{\"@type\":\"WebSite\",\"@id\":\"https:\/\/www.abyssa.com\/fr\/#website\",\"url\":\"https:\/\/www.abyssa.com\/fr\/\",\"name\":\"Abyssa\",\"description\":\"Soci\u00e9t\u00e9 fran\u00e7aise d&#039;exploration des grands fonds marins\",\"potentialAction\":[{\"@type\":\"SearchAction\",\"target\":{\"@type\":\"EntryPoint\",\"urlTemplate\":\"https:\/\/www.abyssa.com\/fr\/?s={search_term_string}\"},\"query-input\":{\"@type\":\"PropertyValueSpecification\",\"valueRequired\":true,\"valueName\":\"search_term_string\"}}],\"inLanguage\":\"fr-FR\"},{\"@type\":\"Person\",\"@id\":\"https:\/\/www.abyssa.com\/fr\/#\/schema\/person\/3c5e58cf8d5c2f3e37ec9b26fb895213\",\"name\":\"adm_first2021\",\"image\":{\"@type\":\"ImageObject\",\"inLanguage\":\"fr-FR\",\"@id\":\"https:\/\/www.abyssa.com\/fr\/#\/schema\/person\/image\/\",\"url\":\"https:\/\/secure.gravatar.com\/avatar\/797bdbf57c6a197b6ab69c06b07f96b78dc5fbf87d81d035e81e4915de63edc4?s=96&d=mm&r=g\",\"contentUrl\":\"https:\/\/secure.gravatar.com\/avatar\/797bdbf57c6a197b6ab69c06b07f96b78dc5fbf87d81d035e81e4915de63edc4?s=96&d=mm&r=g\",\"caption\":\"adm_first2021\"},\"sameAs\":[\"http:\/\/www.abyssa.com\/abys2021\"]}]}<\/script>\n<!-- \/ Yoast SEO plugin. -->","yoast_head_json":{"title":"Grands fonds marins Corse : zoom sur l'exp\u00e9dition SEAMONTI","description":"Les \u00e9quipes de ABYSSA ont men\u00e9 une campagne oc\u00e9anographique profonde pour le Parc Naturel Marin du Cap Corse et de l\u2019Agriate.","robots":{"index":"index","follow":"follow","max-snippet":"max-snippet:-1","max-image-preview":"max-image-preview:large","max-video-preview":"max-video-preview:-1"},"canonical":"https:\/\/www.abyssa.com\/fr\/lexploration-des-monts-sous-marins-continue\/","og_locale":"fr_FR","og_type":"article","og_title":"Grands fonds marins Corse : zoom sur l'exp\u00e9dition SEAMONTI","og_description":"Les \u00e9quipes de ABYSSA ont men\u00e9 une campagne oc\u00e9anographique profonde pour le Parc Naturel Marin du Cap Corse et de l\u2019Agriate.","og_url":"https:\/\/www.abyssa.com\/fr\/lexploration-des-monts-sous-marins-continue\/","og_site_name":"Abyssa","article_published_time":"2023-07-07T12:00:56+00:00","article_modified_time":"2023-07-11T09:19:17+00:00","og_image":[{"width":2400,"height":1351,"url":"https:\/\/www.abyssa.com\/abys2021\/wp-content\/uploads\/2023\/07\/seamonti2023.webp","type":"image\/webp"}],"author":"adm_first2021","twitter_card":"summary_large_image","twitter_misc":{"\u00c9crit par":"adm_first2021","Dur\u00e9e de lecture estim\u00e9e":"1 minute"},"schema":{"@context":"https:\/\/schema.org","@graph":[{"@type":"Article","@id":"https:\/\/www.abyssa.com\/fr\/lexploration-des-monts-sous-marins-continue\/#article","isPartOf":{"@id":"https:\/\/www.abyssa.com\/fr\/lexploration-des-monts-sous-marins-continue\/"},"author":{"name":"adm_first2021","@id":"https:\/\/www.abyssa.com\/fr\/#\/schema\/person\/3c5e58cf8d5c2f3e37ec9b26fb895213"},"headline":"L\u2019exploration des monts sous-marins continue !","datePublished":"2023-07-07T12:00:56+00:00","dateModified":"2023-07-11T09:19:17+00:00","mainEntityOfPage":{"@id":"https:\/\/www.abyssa.com\/fr\/lexploration-des-monts-sous-marins-continue\/"},"wordCount":271,"image":{"@id":"https:\/\/www.abyssa.com\/fr\/lexploration-des-monts-sous-marins-continue\/#primaryimage"},"thumbnailUrl":"https:\/\/www.abyssa.com\/abys2021\/wp-content\/uploads\/2023\/07\/seamonti2023.webp","articleSection":["ABYSSA"],"inLanguage":"fr-FR"},{"@type":"WebPage","@id":"https:\/\/www.abyssa.com\/fr\/lexploration-des-monts-sous-marins-continue\/","url":"https:\/\/www.abyssa.com\/fr\/lexploration-des-monts-sous-marins-continue\/","name":"Grands fonds marins Corse : zoom sur l'exp\u00e9dition SEAMONTI","isPartOf":{"@id":"https:\/\/www.abyssa.com\/fr\/#website"},"primaryImageOfPage":{"@id":"https:\/\/www.abyssa.com\/fr\/lexploration-des-monts-sous-marins-continue\/#primaryimage"},"image":{"@id":"https:\/\/www.abyssa.com\/fr\/lexploration-des-monts-sous-marins-continue\/#primaryimage"},"thumbnailUrl":"https:\/\/www.abyssa.com\/abys2021\/wp-content\/uploads\/2023\/07\/seamonti2023.webp","datePublished":"2023-07-07T12:00:56+00:00","dateModified":"2023-07-11T09:19:17+00:00","author":{"@id":"https:\/\/www.abyssa.com\/fr\/#\/schema\/person\/3c5e58cf8d5c2f3e37ec9b26fb895213"},"description":"Les \u00e9quipes de ABYSSA ont men\u00e9 une campagne oc\u00e9anographique profonde pour le Parc Naturel Marin du Cap Corse et de l\u2019Agriate.","breadcrumb":{"@id":"https:\/\/www.abyssa.com\/fr\/lexploration-des-monts-sous-marins-continue\/#breadcrumb"},"inLanguage":"fr-FR","potentialAction":[{"@type":"ReadAction","target":["https:\/\/www.abyssa.com\/fr\/lexploration-des-monts-sous-marins-continue\/"]}]},{"@type":"ImageObject","inLanguage":"fr-FR","@id":"https:\/\/www.abyssa.com\/fr\/lexploration-des-monts-sous-marins-continue\/#primaryimage","url":"https:\/\/www.abyssa.com\/abys2021\/wp-content\/uploads\/2023\/07\/seamonti2023.webp","contentUrl":"https:\/\/www.abyssa.com\/abys2021\/wp-content\/uploads\/2023\/07\/seamonti2023.webp","width":2400,"height":1351,"caption":"Seamonti 2023"},{"@type":"BreadcrumbList","@id":"https:\/\/www.abyssa.com\/fr\/lexploration-des-monts-sous-marins-continue\/#breadcrumb","itemListElement":[{"@type":"ListItem","position":1,"name":"Accueil","item":"https:\/\/www.abyssa.com\/fr\/"},{"@type":"ListItem","position":2,"name":"L\u2019exploration des monts sous-marins continue !"}]},{"@type":"WebSite","@id":"https:\/\/www.abyssa.com\/fr\/#website","url":"https:\/\/www.abyssa.com\/fr\/","name":"Abyssa","description":"Soci\u00e9t\u00e9 fran\u00e7aise d&#039;exploration des grands fonds marins","potentialAction":[{"@type":"SearchAction","target":{"@type":"EntryPoint","urlTemplate":"https:\/\/www.abyssa.com\/fr\/?s={search_term_string}"},"query-input":{"@type":"PropertyValueSpecification","valueRequired":true,"valueName":"search_term_string"}}],"inLanguage":"fr-FR"},{"@type":"Person","@id":"https:\/\/www.abyssa.com\/fr\/#\/schema\/person\/3c5e58cf8d5c2f3e37ec9b26fb895213","name":"adm_first2021","image":{"@type":"ImageObject","inLanguage":"fr-FR","@id":"https:\/\/www.abyssa.com\/fr\/#\/schema\/person\/image\/","url":"https:\/\/secure.gravatar.com\/avatar\/797bdbf57c6a197b6ab69c06b07f96b78dc5fbf87d81d035e81e4915de63edc4?s=96&d=mm&r=g","contentUrl":"https:\/\/secure.gravatar.com\/avatar\/797bdbf57c6a197b6ab69c06b07f96b78dc5fbf87d81d035e81e4915de63edc4?s=96&d=mm&r=g","caption":"adm_first2021"},"sameAs":["http:\/\/www.abyssa.com\/abys2021"]}]}},"_links":{"self":[{"href":"https:\/\/www.abyssa.com\/fr\/wp-json\/wp\/v2\/posts\/2648","targetHints":{"allow":["GET"]}}],"collection":[{"href":"https:\/\/www.abyssa.com\/fr\/wp-json\/wp\/v2\/posts"}],"about":[{"href":"https:\/\/www.abyssa.com\/fr\/wp-json\/wp\/v2\/types\/post"}],"author":[{"embeddable":true,"href":"https:\/\/www.abyssa.com\/fr\/wp-json\/wp\/v2\/users\/1"}],"replies":[{"embeddable":true,"href":"https:\/\/www.abyssa.com\/fr\/wp-json\/wp\/v2\/comments?post=2648"}],"version-history":[{"count":5,"href":"https:\/\/www.abyssa.com\/fr\/wp-json\/wp\/v2\/posts\/2648\/revisions"}],"predecessor-version":[{"id":2655,"href":"https:\/\/www.abyssa.com\/fr\/wp-json\/wp\/v2\/posts\/2648\/revisions\/2655"}],"wp:featuredmedia":[{"embeddable":true,"href":"https:\/\/www.abyssa.com\/fr\/wp-json\/wp\/v2\/media\/2656"}],"wp:attachment":[{"href":"https:\/\/www.abyssa.com\/fr\/wp-json\/wp\/v2\/media?parent=2648"}],"wp:term":[{"taxonomy":"category","embeddable":true,"href":"https:\/\/www.abyssa.com\/fr\/wp-json\/wp\/v2\/categories?post=2648"},{"taxonomy":"post_tag","embeddable":true,"href":"https:\/\/www.abyssa.com\/fr\/wp-json\/wp\/v2\/tags?post=2648"}],"curies":[{"name":"wp","href":"https:\/\/api.w.org\/{rel}","templated":true}]}}