{"id":2504,"date":"2022-06-14T14:00:56","date_gmt":"2022-06-14T12:00:56","guid":{"rendered":"https:\/\/www.abyssa.com\/?p=2504"},"modified":"2022-10-18T14:55:47","modified_gmt":"2022-10-18T12:55:47","slug":"abyssa-explore-deux-monts-sous-marins-au-large-de-la-corse-lors-de-lexpedition-seamonti-2022","status":"publish","type":"post","link":"https:\/\/www.abyssa.com\/fr\/abyssa-explore-deux-monts-sous-marins-au-large-de-la-corse-lors-de-lexpedition-seamonti-2022\/","title":{"rendered":"ABYSSA explore deux monts sous-marins au large de la Corse lors de l\u2019exp\u00e9dition SEAMONTI 2022"},"content":{"rendered":"<div class=\"wpb-content-wrapper\"><p>[vc_row][vc_column]<div id=\"ultimate-heading-711469f410dda57b8\" class=\"uvc-heading ult-adjust-bottom-margin ultimate-heading-711469f410dda57b8 uvc-9569 \" data-hspacer=\"no_spacer\"  data-halign=\"left\" style=\"text-align:left\"><div class=\"uvc-heading-spacer no_spacer\" style=\"top\"><\/div><div class=\"uvc-main-heading ult-responsive\"  data-ultimate-target='.uvc-heading.ultimate-heading-711469f410dda57b8 h2'  data-responsive-json-new='{\"font-size\":\"desktop:40px;\",\"line-height\":\"desktop:50px;\"}' ><h2 style=\"font-family:&#039;Exo 2&#039;;font-weight:200;margin-bottom:25px;\">Jean-Damien BERGERON, Directeur associ\u00e9 ABYSSA et chef de mission pour l\u2019exp\u00e9dition SEAMONTI pr\u00e9sente la mission pour France 3 Corse Viastella.<\/h2><\/div><\/div>[vc_column_text]Sous la direction technique et scientifique de ABYSSA, et avec le soutien financier de l&rsquo;Union Europ\u00e9enne &#8211; NextGenerationEU, de France Relance et de l&rsquo;Office fran\u00e7ais de la biodiversit\u00e9, une campagne oc\u00e9anographique profonde a \u00e9t\u00e9 r\u00e9alis\u00e9e au large de la Corse entre le 26 mai et le 12 juin 2022.<\/p>\n<p>L\u2019exp\u00e9dition SEAMONTI, ainsi nomm\u00e9e par l\u2019OFB, a \u00e9t\u00e9 r\u00e9alis\u00e9e dans le cadre d\u2019un projet de Recherche et D\u00e9veloppement avec le Parc Naturel Marin du Cap Corse et de l&rsquo;Agriate et la D\u00e9l\u00e9gation de Fa\u00e7ade maritime M\u00e9diterran\u00e9e de l\u2019OFB.<\/p>\n<p>A bord du magnifique navire Alfred Merlin du DRASSM et \u00e0 l\u2019aide du v\u00e9hicule sous-marin autonome (AUV) A18D de ECA Robotics, deux zones profondes ont \u00e9t\u00e9 explor\u00e9es \u00e0 l\u2019ouest de la Corse : un mont sous-marin au large d\u2019Ajaccio et un autre au large de l\u2019Agriate.<\/p>\n<p>L\u2019objectif de cette campagne est d\u2019effectuer une premi\u00e8re mission de reconnaissance du milieu en utilisant un dispositif d\u2019exploration des structures g\u00e9omorphologiques profondes via l\u2019utilisation d\u2019un v\u00e9hicule autonome sous-marin (AUV) et de produire des connaissances scientifiques sur ce type d\u2019habitats.[\/vc_column_text][vc_row_inner content_placement=\u00a0\u00bbtop\u00a0\u00bb gap=\u00a0\u00bb35&Prime;][vc_column_inner width=\u00a0\u00bb1\/2&Prime; offset=\u00a0\u00bbvc_col-xs-12&Prime; css=\u00a0\u00bb.vc_custom_1665991568724{margin-bottom: 15px !important;}\u00a0\u00bb][vc_single_image image=\u00a0\u00bb2486&Prime; img_size=\u00a0\u00bbfull\u00a0\u00bb onclick=\u00a0\u00bbcustom_link\u00a0\u00bb img_link_target=\u00a0\u00bb_blank\u00a0\u00bb image_hovers=\u00a0\u00bbfalse\u00a0\u00bb link=\u00a0\u00bbhttps:\/\/youtu.be\/omFF1FUfF1w\u00a0\u00bb css=\u00a0\u00bb.vc_custom_1665991640647{margin-bottom: 0px !important;padding-bottom: 0px !important;}\u00a0\u00bb][\/vc_column_inner][vc_column_inner width=\u00a0\u00bb1\/2&Prime; offset=\u00a0\u00bbvc_col-xs-12&Prime; css=\u00a0\u00bb.vc_custom_1665991579223{margin-top: 15px !important;}\u00a0\u00bb][vc_column_text css=\u00a0\u00bb.vc_custom_1665991414142{margin-bottom: 20px !important;}\u00a0\u00bb]<strong>Pour d\u00e9couvrir le reportage :<\/strong>[\/vc_column_text]<div class=\" ubtn-ctn-left \"><a class=\"ubtn-link ult-adjust-bottom-margin ubtn-left ubtn-normal \" href=\"https:\/\/youtu.be\/omFF1FUfF1w\" target=\"_blank\" rel=\"noopener\" ><button type=\"button\" id=\"ubtn-1550\"  class=\"ubtn ult-adjust-bottom-margin ult-responsive ubtn-normal ubtn-fade-bg  ulta-grow  ubtn-sep-icon ubtn-sep-icon-at-left  ubtn-left   tooltip-69f410dda58cd ubtn-tooltip right\" data-toggle=\"tooltip\" data-placement=\"right\" title=\"En savoir +\" data-hover=\"#ffffff\" data-border-color=\"#37495f\" data-bg=\"\" data-hover-bg=\"#37495f\" data-border-hover=\"\" data-shadow-hover=\"\" data-shadow-click=\"none\" data-shadow=\"\" data-shd-shadow=\"\"  data-ultimate-target='#ubtn-1550'  data-responsive-json-new='{\"font-size\":\"desktop:16px;\",\"line-height\":\"desktop:20px;\"}'  style=\"font-family:&#039;Exo 2&#039;;font-weight:300;border-radius:300px;border-width:1px;border-color:#37495f;border-style:solid;\"><span class=\"ubtn-data ubtn-icon\"><i class=\"icomoon-the7-font-the7-plus-04\" style=\"font-size:0px;color:;\"><\/i><\/span><span class=\"ubtn-hover\" style=\"background-color:#37495f\"><\/span><span class=\"ubtn-data ubtn-text \" >Cliquez ici<\/span><\/button><\/a><\/div>[\/vc_column_inner][\/vc_row_inner][\/vc_column][\/vc_row]<\/p>\n<\/div>","protected":false},"excerpt":{"rendered":"<p>Sous la direction technique et scientifique de ABYSSA, et avec le soutien financier de l&rsquo;Union Europ\u00e9enne &#8211; NextGenerationEU, de France Relance et de l&rsquo;Office fran\u00e7ais de la biodiversit\u00e9, une campagne oc\u00e9anographique profonde a \u00e9t\u00e9 r\u00e9alis\u00e9e au large de la Corse entre le 26 mai et le 12 juin 2022.<\/p>\n","protected":false},"author":1,"featured_media":2486,"comment_status":"closed","ping_status":"closed","sticky":false,"template":"","format":"standard","meta":{"footnotes":""},"categories":[3],"tags":[],"class_list":["post-2504","post","type-post","status-publish","format-standard","has-post-thumbnail","hentry","category-abyssa","category-3","description-off"],"yoast_head":"<!-- This site is optimized with the Yoast SEO plugin v26.7 - https:\/\/yoast.com\/wordpress\/plugins\/seo\/ -->\n<title>ABYSSA sur France 3 pour l&#039;exp\u00e9dition Seamonti<\/title>\n<meta name=\"description\" content=\"Le journal de France 3 Corse revient sur l&#039;exp\u00e9dition Seamonti, r\u00e9alis\u00e9e par ABYSSA, qui a permis d&#039;explorer les grands fonds marins.\" \/>\n<meta name=\"robots\" content=\"index, follow, max-snippet:-1, max-image-preview:large, max-video-preview:-1\" \/>\n<link rel=\"canonical\" href=\"https:\/\/www.abyssa.com\/fr\/abyssa-explore-deux-monts-sous-marins-au-large-de-la-corse-lors-de-lexpedition-seamonti-2022\/\" \/>\n<meta property=\"og:locale\" content=\"fr_FR\" \/>\n<meta property=\"og:type\" content=\"article\" \/>\n<meta property=\"og:title\" content=\"ABYSSA sur France 3 pour l&#039;exp\u00e9dition Seamonti\" \/>\n<meta property=\"og:description\" content=\"Le journal de France 3 Corse revient sur l&#039;exp\u00e9dition Seamonti, r\u00e9alis\u00e9e par ABYSSA, qui a permis d&#039;explorer les grands fonds marins.\" \/>\n<meta property=\"og:url\" content=\"https:\/\/www.abyssa.com\/fr\/abyssa-explore-deux-monts-sous-marins-au-large-de-la-corse-lors-de-lexpedition-seamonti-2022\/\" \/>\n<meta property=\"og:site_name\" content=\"Abyssa\" \/>\n<meta property=\"article:published_time\" content=\"2022-06-14T12:00:56+00:00\" \/>\n<meta property=\"article:modified_time\" content=\"2022-10-18T12:55:47+00:00\" \/>\n<meta property=\"og:image\" content=\"https:\/\/www.abyssa.com\/abys2021\/wp-content\/uploads\/2022\/05\/seamonti-2022.jpg\" \/>\n\t<meta property=\"og:image:width\" content=\"2000\" \/>\n\t<meta property=\"og:image:height\" content=\"1120\" \/>\n\t<meta property=\"og:image:type\" content=\"image\/jpeg\" \/>\n<meta name=\"author\" content=\"adm_first2021\" \/>\n<meta name=\"twitter:card\" content=\"summary_large_image\" \/>\n<meta name=\"twitter:label1\" content=\"\u00c9crit par\" \/>\n\t<meta name=\"twitter:data1\" content=\"adm_first2021\" \/>\n\t<meta name=\"twitter:label2\" content=\"Dur\u00e9e de lecture estim\u00e9e\" \/>\n\t<meta name=\"twitter:data2\" content=\"2 minutes\" \/>\n<script type=\"application\/ld+json\" class=\"yoast-schema-graph\">{\"@context\":\"https:\/\/schema.org\",\"@graph\":[{\"@type\":\"Article\",\"@id\":\"https:\/\/www.abyssa.com\/fr\/abyssa-explore-deux-monts-sous-marins-au-large-de-la-corse-lors-de-lexpedition-seamonti-2022\/#article\",\"isPartOf\":{\"@id\":\"https:\/\/www.abyssa.com\/fr\/abyssa-explore-deux-monts-sous-marins-au-large-de-la-corse-lors-de-lexpedition-seamonti-2022\/\"},\"author\":{\"name\":\"adm_first2021\",\"@id\":\"https:\/\/www.abyssa.com\/fr\/#\/schema\/person\/3c5e58cf8d5c2f3e37ec9b26fb895213\"},\"headline\":\"ABYSSA explore deux monts sous-marins au large de la Corse lors de l\u2019exp\u00e9dition SEAMONTI 2022\",\"datePublished\":\"2022-06-14T12:00:56+00:00\",\"dateModified\":\"2022-10-18T12:55:47+00:00\",\"mainEntityOfPage\":{\"@id\":\"https:\/\/www.abyssa.com\/fr\/abyssa-explore-deux-monts-sous-marins-au-large-de-la-corse-lors-de-lexpedition-seamonti-2022\/\"},\"wordCount\":514,\"image\":{\"@id\":\"https:\/\/www.abyssa.com\/fr\/abyssa-explore-deux-monts-sous-marins-au-large-de-la-corse-lors-de-lexpedition-seamonti-2022\/#primaryimage\"},\"thumbnailUrl\":\"https:\/\/www.abyssa.com\/abys2021\/wp-content\/uploads\/2022\/05\/seamonti-2022.jpg\",\"articleSection\":[\"ABYSSA\"],\"inLanguage\":\"fr-FR\"},{\"@type\":\"WebPage\",\"@id\":\"https:\/\/www.abyssa.com\/fr\/abyssa-explore-deux-monts-sous-marins-au-large-de-la-corse-lors-de-lexpedition-seamonti-2022\/\",\"url\":\"https:\/\/www.abyssa.com\/fr\/abyssa-explore-deux-monts-sous-marins-au-large-de-la-corse-lors-de-lexpedition-seamonti-2022\/\",\"name\":\"ABYSSA sur France 3 pour l'exp\u00e9dition Seamonti\",\"isPartOf\":{\"@id\":\"https:\/\/www.abyssa.com\/fr\/#website\"},\"primaryImageOfPage\":{\"@id\":\"https:\/\/www.abyssa.com\/fr\/abyssa-explore-deux-monts-sous-marins-au-large-de-la-corse-lors-de-lexpedition-seamonti-2022\/#primaryimage\"},\"image\":{\"@id\":\"https:\/\/www.abyssa.com\/fr\/abyssa-explore-deux-monts-sous-marins-au-large-de-la-corse-lors-de-lexpedition-seamonti-2022\/#primaryimage\"},\"thumbnailUrl\":\"https:\/\/www.abyssa.com\/abys2021\/wp-content\/uploads\/2022\/05\/seamonti-2022.jpg\",\"datePublished\":\"2022-06-14T12:00:56+00:00\",\"dateModified\":\"2022-10-18T12:55:47+00:00\",\"author\":{\"@id\":\"https:\/\/www.abyssa.com\/fr\/#\/schema\/person\/3c5e58cf8d5c2f3e37ec9b26fb895213\"},\"description\":\"Le journal de France 3 Corse revient sur l'exp\u00e9dition Seamonti, r\u00e9alis\u00e9e par ABYSSA, qui a permis d'explorer les grands fonds marins.\",\"breadcrumb\":{\"@id\":\"https:\/\/www.abyssa.com\/fr\/abyssa-explore-deux-monts-sous-marins-au-large-de-la-corse-lors-de-lexpedition-seamonti-2022\/#breadcrumb\"},\"inLanguage\":\"fr-FR\",\"potentialAction\":[{\"@type\":\"ReadAction\",\"target\":[\"https:\/\/www.abyssa.com\/fr\/abyssa-explore-deux-monts-sous-marins-au-large-de-la-corse-lors-de-lexpedition-seamonti-2022\/\"]}]},{\"@type\":\"ImageObject\",\"inLanguage\":\"fr-FR\",\"@id\":\"https:\/\/www.abyssa.com\/fr\/abyssa-explore-deux-monts-sous-marins-au-large-de-la-corse-lors-de-lexpedition-seamonti-2022\/#primaryimage\",\"url\":\"https:\/\/www.abyssa.com\/abys2021\/wp-content\/uploads\/2022\/05\/seamonti-2022.jpg\",\"contentUrl\":\"https:\/\/www.abyssa.com\/abys2021\/wp-content\/uploads\/2022\/05\/seamonti-2022.jpg\",\"width\":2000,\"height\":1120,\"caption\":\"Seamonti - Jean-Marc Bergeron\"},{\"@type\":\"BreadcrumbList\",\"@id\":\"https:\/\/www.abyssa.com\/fr\/abyssa-explore-deux-monts-sous-marins-au-large-de-la-corse-lors-de-lexpedition-seamonti-2022\/#breadcrumb\",\"itemListElement\":[{\"@type\":\"ListItem\",\"position\":1,\"name\":\"Accueil\",\"item\":\"https:\/\/www.abyssa.com\/fr\/\"},{\"@type\":\"ListItem\",\"position\":2,\"name\":\"ABYSSA explore deux monts sous-marins au large de la Corse lors de l\u2019exp\u00e9dition SEAMONTI 2022\"}]},{\"@type\":\"WebSite\",\"@id\":\"https:\/\/www.abyssa.com\/fr\/#website\",\"url\":\"https:\/\/www.abyssa.com\/fr\/\",\"name\":\"Abyssa\",\"description\":\"Soci\u00e9t\u00e9 fran\u00e7aise d&#039;exploration des grands fonds marins\",\"potentialAction\":[{\"@type\":\"SearchAction\",\"target\":{\"@type\":\"EntryPoint\",\"urlTemplate\":\"https:\/\/www.abyssa.com\/fr\/?s={search_term_string}\"},\"query-input\":{\"@type\":\"PropertyValueSpecification\",\"valueRequired\":true,\"valueName\":\"search_term_string\"}}],\"inLanguage\":\"fr-FR\"},{\"@type\":\"Person\",\"@id\":\"https:\/\/www.abyssa.com\/fr\/#\/schema\/person\/3c5e58cf8d5c2f3e37ec9b26fb895213\",\"name\":\"adm_first2021\",\"image\":{\"@type\":\"ImageObject\",\"inLanguage\":\"fr-FR\",\"@id\":\"https:\/\/www.abyssa.com\/fr\/#\/schema\/person\/image\/\",\"url\":\"https:\/\/secure.gravatar.com\/avatar\/797bdbf57c6a197b6ab69c06b07f96b78dc5fbf87d81d035e81e4915de63edc4?s=96&d=mm&r=g\",\"contentUrl\":\"https:\/\/secure.gravatar.com\/avatar\/797bdbf57c6a197b6ab69c06b07f96b78dc5fbf87d81d035e81e4915de63edc4?s=96&d=mm&r=g\",\"caption\":\"adm_first2021\"},\"sameAs\":[\"http:\/\/www.abyssa.com\/abys2021\"]}]}<\/script>\n<!-- \/ Yoast SEO plugin. -->","yoast_head_json":{"title":"ABYSSA sur France 3 pour l'exp\u00e9dition Seamonti","description":"Le journal de France 3 Corse revient sur l'exp\u00e9dition Seamonti, r\u00e9alis\u00e9e par ABYSSA, qui a permis d'explorer les grands fonds marins.","robots":{"index":"index","follow":"follow","max-snippet":"max-snippet:-1","max-image-preview":"max-image-preview:large","max-video-preview":"max-video-preview:-1"},"canonical":"https:\/\/www.abyssa.com\/fr\/abyssa-explore-deux-monts-sous-marins-au-large-de-la-corse-lors-de-lexpedition-seamonti-2022\/","og_locale":"fr_FR","og_type":"article","og_title":"ABYSSA sur France 3 pour l'exp\u00e9dition Seamonti","og_description":"Le journal de France 3 Corse revient sur l'exp\u00e9dition Seamonti, r\u00e9alis\u00e9e par ABYSSA, qui a permis d'explorer les grands fonds marins.","og_url":"https:\/\/www.abyssa.com\/fr\/abyssa-explore-deux-monts-sous-marins-au-large-de-la-corse-lors-de-lexpedition-seamonti-2022\/","og_site_name":"Abyssa","article_published_time":"2022-06-14T12:00:56+00:00","article_modified_time":"2022-10-18T12:55:47+00:00","og_image":[{"width":2000,"height":1120,"url":"https:\/\/www.abyssa.com\/abys2021\/wp-content\/uploads\/2022\/05\/seamonti-2022.jpg","type":"image\/jpeg"}],"author":"adm_first2021","twitter_card":"summary_large_image","twitter_misc":{"\u00c9crit par":"adm_first2021","Dur\u00e9e de lecture estim\u00e9e":"2 minutes"},"schema":{"@context":"https:\/\/schema.org","@graph":[{"@type":"Article","@id":"https:\/\/www.abyssa.com\/fr\/abyssa-explore-deux-monts-sous-marins-au-large-de-la-corse-lors-de-lexpedition-seamonti-2022\/#article","isPartOf":{"@id":"https:\/\/www.abyssa.com\/fr\/abyssa-explore-deux-monts-sous-marins-au-large-de-la-corse-lors-de-lexpedition-seamonti-2022\/"},"author":{"name":"adm_first2021","@id":"https:\/\/www.abyssa.com\/fr\/#\/schema\/person\/3c5e58cf8d5c2f3e37ec9b26fb895213"},"headline":"ABYSSA explore deux monts sous-marins au large de la Corse lors de l\u2019exp\u00e9dition SEAMONTI 2022","datePublished":"2022-06-14T12:00:56+00:00","dateModified":"2022-10-18T12:55:47+00:00","mainEntityOfPage":{"@id":"https:\/\/www.abyssa.com\/fr\/abyssa-explore-deux-monts-sous-marins-au-large-de-la-corse-lors-de-lexpedition-seamonti-2022\/"},"wordCount":514,"image":{"@id":"https:\/\/www.abyssa.com\/fr\/abyssa-explore-deux-monts-sous-marins-au-large-de-la-corse-lors-de-lexpedition-seamonti-2022\/#primaryimage"},"thumbnailUrl":"https:\/\/www.abyssa.com\/abys2021\/wp-content\/uploads\/2022\/05\/seamonti-2022.jpg","articleSection":["ABYSSA"],"inLanguage":"fr-FR"},{"@type":"WebPage","@id":"https:\/\/www.abyssa.com\/fr\/abyssa-explore-deux-monts-sous-marins-au-large-de-la-corse-lors-de-lexpedition-seamonti-2022\/","url":"https:\/\/www.abyssa.com\/fr\/abyssa-explore-deux-monts-sous-marins-au-large-de-la-corse-lors-de-lexpedition-seamonti-2022\/","name":"ABYSSA sur France 3 pour l'exp\u00e9dition Seamonti","isPartOf":{"@id":"https:\/\/www.abyssa.com\/fr\/#website"},"primaryImageOfPage":{"@id":"https:\/\/www.abyssa.com\/fr\/abyssa-explore-deux-monts-sous-marins-au-large-de-la-corse-lors-de-lexpedition-seamonti-2022\/#primaryimage"},"image":{"@id":"https:\/\/www.abyssa.com\/fr\/abyssa-explore-deux-monts-sous-marins-au-large-de-la-corse-lors-de-lexpedition-seamonti-2022\/#primaryimage"},"thumbnailUrl":"https:\/\/www.abyssa.com\/abys2021\/wp-content\/uploads\/2022\/05\/seamonti-2022.jpg","datePublished":"2022-06-14T12:00:56+00:00","dateModified":"2022-10-18T12:55:47+00:00","author":{"@id":"https:\/\/www.abyssa.com\/fr\/#\/schema\/person\/3c5e58cf8d5c2f3e37ec9b26fb895213"},"description":"Le journal de France 3 Corse revient sur l'exp\u00e9dition Seamonti, r\u00e9alis\u00e9e par ABYSSA, qui a permis d'explorer les grands fonds marins.","breadcrumb":{"@id":"https:\/\/www.abyssa.com\/fr\/abyssa-explore-deux-monts-sous-marins-au-large-de-la-corse-lors-de-lexpedition-seamonti-2022\/#breadcrumb"},"inLanguage":"fr-FR","potentialAction":[{"@type":"ReadAction","target":["https:\/\/www.abyssa.com\/fr\/abyssa-explore-deux-monts-sous-marins-au-large-de-la-corse-lors-de-lexpedition-seamonti-2022\/"]}]},{"@type":"ImageObject","inLanguage":"fr-FR","@id":"https:\/\/www.abyssa.com\/fr\/abyssa-explore-deux-monts-sous-marins-au-large-de-la-corse-lors-de-lexpedition-seamonti-2022\/#primaryimage","url":"https:\/\/www.abyssa.com\/abys2021\/wp-content\/uploads\/2022\/05\/seamonti-2022.jpg","contentUrl":"https:\/\/www.abyssa.com\/abys2021\/wp-content\/uploads\/2022\/05\/seamonti-2022.jpg","width":2000,"height":1120,"caption":"Seamonti - Jean-Marc Bergeron"},{"@type":"BreadcrumbList","@id":"https:\/\/www.abyssa.com\/fr\/abyssa-explore-deux-monts-sous-marins-au-large-de-la-corse-lors-de-lexpedition-seamonti-2022\/#breadcrumb","itemListElement":[{"@type":"ListItem","position":1,"name":"Accueil","item":"https:\/\/www.abyssa.com\/fr\/"},{"@type":"ListItem","position":2,"name":"ABYSSA explore deux monts sous-marins au large de la Corse lors de l\u2019exp\u00e9dition SEAMONTI 2022"}]},{"@type":"WebSite","@id":"https:\/\/www.abyssa.com\/fr\/#website","url":"https:\/\/www.abyssa.com\/fr\/","name":"Abyssa","description":"Soci\u00e9t\u00e9 fran\u00e7aise d&#039;exploration des grands fonds marins","potentialAction":[{"@type":"SearchAction","target":{"@type":"EntryPoint","urlTemplate":"https:\/\/www.abyssa.com\/fr\/?s={search_term_string}"},"query-input":{"@type":"PropertyValueSpecification","valueRequired":true,"valueName":"search_term_string"}}],"inLanguage":"fr-FR"},{"@type":"Person","@id":"https:\/\/www.abyssa.com\/fr\/#\/schema\/person\/3c5e58cf8d5c2f3e37ec9b26fb895213","name":"adm_first2021","image":{"@type":"ImageObject","inLanguage":"fr-FR","@id":"https:\/\/www.abyssa.com\/fr\/#\/schema\/person\/image\/","url":"https:\/\/secure.gravatar.com\/avatar\/797bdbf57c6a197b6ab69c06b07f96b78dc5fbf87d81d035e81e4915de63edc4?s=96&d=mm&r=g","contentUrl":"https:\/\/secure.gravatar.com\/avatar\/797bdbf57c6a197b6ab69c06b07f96b78dc5fbf87d81d035e81e4915de63edc4?s=96&d=mm&r=g","caption":"adm_first2021"},"sameAs":["http:\/\/www.abyssa.com\/abys2021"]}]}},"_links":{"self":[{"href":"https:\/\/www.abyssa.com\/fr\/wp-json\/wp\/v2\/posts\/2504","targetHints":{"allow":["GET"]}}],"collection":[{"href":"https:\/\/www.abyssa.com\/fr\/wp-json\/wp\/v2\/posts"}],"about":[{"href":"https:\/\/www.abyssa.com\/fr\/wp-json\/wp\/v2\/types\/post"}],"author":[{"embeddable":true,"href":"https:\/\/www.abyssa.com\/fr\/wp-json\/wp\/v2\/users\/1"}],"replies":[{"embeddable":true,"href":"https:\/\/www.abyssa.com\/fr\/wp-json\/wp\/v2\/comments?post=2504"}],"version-history":[{"count":3,"href":"https:\/\/www.abyssa.com\/fr\/wp-json\/wp\/v2\/posts\/2504\/revisions"}],"predecessor-version":[{"id":2526,"href":"https:\/\/www.abyssa.com\/fr\/wp-json\/wp\/v2\/posts\/2504\/revisions\/2526"}],"wp:featuredmedia":[{"embeddable":true,"href":"https:\/\/www.abyssa.com\/fr\/wp-json\/wp\/v2\/media\/2486"}],"wp:attachment":[{"href":"https:\/\/www.abyssa.com\/fr\/wp-json\/wp\/v2\/media?parent=2504"}],"wp:term":[{"taxonomy":"category","embeddable":true,"href":"https:\/\/www.abyssa.com\/fr\/wp-json\/wp\/v2\/categories?post=2504"},{"taxonomy":"post_tag","embeddable":true,"href":"https:\/\/www.abyssa.com\/fr\/wp-json\/wp\/v2\/tags?post=2504"}],"curies":[{"name":"wp","href":"https:\/\/api.w.org\/{rel}","templated":true}]}}