{"id":2117,"date":"2021-06-21T14:00:56","date_gmt":"2021-06-21T12:00:56","guid":{"rendered":"https:\/\/www.abyssa.com\/?p=2117"},"modified":"2021-06-22T12:01:39","modified_gmt":"2021-06-22T10:01:39","slug":"abyssa-annonce-sa-deuxieme-levee-de-fonds-et-la-creation-de-abyssa-polynesie","status":"publish","type":"post","link":"https:\/\/www.abyssa.com\/fr\/abyssa-annonce-sa-deuxieme-levee-de-fonds-et-la-creation-de-abyssa-polynesie\/","title":{"rendered":"ABYSSA annonce sa deuxi\u00e8me lev\u00e9e de fonds et la cr\u00e9ation de ABYSSA Polyn\u00e9sie"},"content":{"rendered":"<div class=\"wpb-content-wrapper\"><p>[vc_row][vc_column]<div id=\"ultimate-heading-585169f44496bb48c\" class=\"uvc-heading ult-adjust-bottom-margin ultimate-heading-585169f44496bb48c uvc-504 \" data-hspacer=\"no_spacer\"  data-halign=\"left\" style=\"text-align:left\"><div class=\"uvc-heading-spacer no_spacer\" style=\"top\"><\/div><div class=\"uvc-main-heading ult-responsive\"  data-ultimate-target='.uvc-heading.ultimate-heading-585169f44496bb48c h2'  data-responsive-json-new='{\"font-size\":\"desktop:40px;\",\"line-height\":\"desktop:50px;\"}' ><h2 style=\"font-family:&#039;Exo 2&#039;;font-weight:200;margin-bottom:25px;\">Le d\u00e9veloppement de ABYSSA s\u2019acc\u00e9l\u00e8re !<\/h2><\/div><\/div>[vc_column_text]Le Comit\u00e9 Strat\u00e9gique du 17 Juin 2021 a annonc\u00e9 sa volont\u00e9 d&rsquo;organiser une deuxi\u00e8me lev\u00e9e de fonds \u00e0 partir du mois de juillet, et de lancer en parall\u00e8le une nouvelle filiale ABYSSA Polyn\u00e9sie bas\u00e9e \u00e0 Tahiti.<\/p>\n<p>Un d\u00e9veloppement qui intervient dans une p\u00e9riode cruciale pour la startup, qui va connaitre une acc\u00e9l\u00e9ration forte de son activit\u00e9 en 2021 \/ 2022.[\/vc_column_text][vc_column_text]<strong>Tous les d\u00e9tails dans le Communiqu\u00e9 de Presse ABYSSA (pdf) : <a href=\"https:\/\/www.abyssa.com\/abys2021\/wp-content\/uploads\/2021\/06\/ABYSSA-POLYNESIE-communique-210618-fr.pdf\" target=\"_blank\" rel=\"noopener\">T\u00e9l\u00e9charger<\/a><\/strong>[\/vc_column_text][\/vc_column][\/vc_row]<\/p>\n<\/div>","protected":false},"excerpt":{"rendered":"<p>Le Comit\u00e9 Strat\u00e9gique du 17 Juin 2021 a annonc\u00e9 sa volont\u00e9 d&rsquo;organiser une deuxi\u00e8me lev\u00e9e de fonds \u00e0 partir du mois de juillet, et de lancer en parall\u00e8le une nouvelle filiale ABYSSA Polyn\u00e9sie bas\u00e9e \u00e0 Tahiti. <\/p>\n","protected":false},"author":1,"featured_media":2140,"comment_status":"closed","ping_status":"closed","sticky":false,"template":"","format":"standard","meta":{"footnotes":""},"categories":[3],"tags":[],"class_list":["post-2117","post","type-post","status-publish","format-standard","has-post-thumbnail","hentry","category-abyssa","category-3","description-off"],"yoast_head":"<!-- This site is optimized with the Yoast SEO plugin v26.7 - https:\/\/yoast.com\/wordpress\/plugins\/seo\/ -->\n<title>ABYSSA annonce sa deuxi\u00e8me lev\u00e9e de fonds et la cr\u00e9ation de ABYSSA Polyn\u00e9sie - Abyssa<\/title>\n<meta name=\"robots\" content=\"index, follow, max-snippet:-1, max-image-preview:large, max-video-preview:-1\" \/>\n<link rel=\"canonical\" href=\"https:\/\/www.abyssa.com\/fr\/abyssa-annonce-sa-deuxieme-levee-de-fonds-et-la-creation-de-abyssa-polynesie\/\" \/>\n<meta property=\"og:locale\" content=\"fr_FR\" \/>\n<meta property=\"og:type\" content=\"article\" \/>\n<meta property=\"og:title\" content=\"ABYSSA annonce sa deuxi\u00e8me lev\u00e9e de fonds et la cr\u00e9ation de ABYSSA Polyn\u00e9sie - Abyssa\" \/>\n<meta property=\"og:description\" content=\"Le Comit\u00e9 Strat\u00e9gique du 17 Juin 2021 a annonc\u00e9 sa volont\u00e9 d&#039;organiser une deuxi\u00e8me lev\u00e9e de fonds \u00e0 partir du mois de juillet, et de lancer en parall\u00e8le une nouvelle filiale ABYSSA Polyn\u00e9sie bas\u00e9e \u00e0 Tahiti.\" \/>\n<meta property=\"og:url\" content=\"https:\/\/www.abyssa.com\/fr\/abyssa-annonce-sa-deuxieme-levee-de-fonds-et-la-creation-de-abyssa-polynesie\/\" \/>\n<meta property=\"og:site_name\" content=\"Abyssa\" \/>\n<meta property=\"article:published_time\" content=\"2021-06-21T12:00:56+00:00\" \/>\n<meta property=\"article:modified_time\" content=\"2021-06-22T10:01:39+00:00\" \/>\n<meta property=\"og:image\" content=\"https:\/\/www.abyssa.com\/abys2021\/wp-content\/uploads\/2021\/06\/ABYSSA-polynesie-1.jpg\" \/>\n\t<meta property=\"og:image:width\" content=\"1920\" \/>\n\t<meta property=\"og:image:height\" content=\"1054\" \/>\n\t<meta property=\"og:image:type\" content=\"image\/jpeg\" \/>\n<meta name=\"author\" content=\"adm_first2021\" \/>\n<meta name=\"twitter:card\" content=\"summary_large_image\" \/>\n<meta name=\"twitter:label1\" content=\"\u00c9crit par\" \/>\n\t<meta name=\"twitter:data1\" content=\"adm_first2021\" \/>\n\t<meta name=\"twitter:label2\" content=\"Dur\u00e9e de lecture estim\u00e9e\" \/>\n\t<meta name=\"twitter:data2\" content=\"1 minute\" \/>\n<script type=\"application\/ld+json\" class=\"yoast-schema-graph\">{\"@context\":\"https:\/\/schema.org\",\"@graph\":[{\"@type\":\"Article\",\"@id\":\"https:\/\/www.abyssa.com\/fr\/abyssa-annonce-sa-deuxieme-levee-de-fonds-et-la-creation-de-abyssa-polynesie\/#article\",\"isPartOf\":{\"@id\":\"https:\/\/www.abyssa.com\/fr\/abyssa-annonce-sa-deuxieme-levee-de-fonds-et-la-creation-de-abyssa-polynesie\/\"},\"author\":{\"name\":\"adm_first2021\",\"@id\":\"https:\/\/www.abyssa.com\/fr\/#\/schema\/person\/3c5e58cf8d5c2f3e37ec9b26fb895213\"},\"headline\":\"ABYSSA annonce sa deuxi\u00e8me lev\u00e9e de fonds et la cr\u00e9ation de ABYSSA Polyn\u00e9sie\",\"datePublished\":\"2021-06-21T12:00:56+00:00\",\"dateModified\":\"2021-06-22T10:01:39+00:00\",\"mainEntityOfPage\":{\"@id\":\"https:\/\/www.abyssa.com\/fr\/abyssa-annonce-sa-deuxieme-levee-de-fonds-et-la-creation-de-abyssa-polynesie\/\"},\"wordCount\":191,\"image\":{\"@id\":\"https:\/\/www.abyssa.com\/fr\/abyssa-annonce-sa-deuxieme-levee-de-fonds-et-la-creation-de-abyssa-polynesie\/#primaryimage\"},\"thumbnailUrl\":\"https:\/\/www.abyssa.com\/abys2021\/wp-content\/uploads\/2021\/06\/ABYSSA-polynesie-1.jpg\",\"articleSection\":[\"ABYSSA\"],\"inLanguage\":\"fr-FR\"},{\"@type\":\"WebPage\",\"@id\":\"https:\/\/www.abyssa.com\/fr\/abyssa-annonce-sa-deuxieme-levee-de-fonds-et-la-creation-de-abyssa-polynesie\/\",\"url\":\"https:\/\/www.abyssa.com\/fr\/abyssa-annonce-sa-deuxieme-levee-de-fonds-et-la-creation-de-abyssa-polynesie\/\",\"name\":\"ABYSSA annonce sa deuxi\u00e8me lev\u00e9e de fonds et la cr\u00e9ation de ABYSSA Polyn\u00e9sie - Abyssa\",\"isPartOf\":{\"@id\":\"https:\/\/www.abyssa.com\/fr\/#website\"},\"primaryImageOfPage\":{\"@id\":\"https:\/\/www.abyssa.com\/fr\/abyssa-annonce-sa-deuxieme-levee-de-fonds-et-la-creation-de-abyssa-polynesie\/#primaryimage\"},\"image\":{\"@id\":\"https:\/\/www.abyssa.com\/fr\/abyssa-annonce-sa-deuxieme-levee-de-fonds-et-la-creation-de-abyssa-polynesie\/#primaryimage\"},\"thumbnailUrl\":\"https:\/\/www.abyssa.com\/abys2021\/wp-content\/uploads\/2021\/06\/ABYSSA-polynesie-1.jpg\",\"datePublished\":\"2021-06-21T12:00:56+00:00\",\"dateModified\":\"2021-06-22T10:01:39+00:00\",\"author\":{\"@id\":\"https:\/\/www.abyssa.com\/fr\/#\/schema\/person\/3c5e58cf8d5c2f3e37ec9b26fb895213\"},\"breadcrumb\":{\"@id\":\"https:\/\/www.abyssa.com\/fr\/abyssa-annonce-sa-deuxieme-levee-de-fonds-et-la-creation-de-abyssa-polynesie\/#breadcrumb\"},\"inLanguage\":\"fr-FR\",\"potentialAction\":[{\"@type\":\"ReadAction\",\"target\":[\"https:\/\/www.abyssa.com\/fr\/abyssa-annonce-sa-deuxieme-levee-de-fonds-et-la-creation-de-abyssa-polynesie\/\"]}]},{\"@type\":\"ImageObject\",\"inLanguage\":\"fr-FR\",\"@id\":\"https:\/\/www.abyssa.com\/fr\/abyssa-annonce-sa-deuxieme-levee-de-fonds-et-la-creation-de-abyssa-polynesie\/#primaryimage\",\"url\":\"https:\/\/www.abyssa.com\/abys2021\/wp-content\/uploads\/2021\/06\/ABYSSA-polynesie-1.jpg\",\"contentUrl\":\"https:\/\/www.abyssa.com\/abys2021\/wp-content\/uploads\/2021\/06\/ABYSSA-polynesie-1.jpg\",\"width\":1920,\"height\":1054},{\"@type\":\"BreadcrumbList\",\"@id\":\"https:\/\/www.abyssa.com\/fr\/abyssa-annonce-sa-deuxieme-levee-de-fonds-et-la-creation-de-abyssa-polynesie\/#breadcrumb\",\"itemListElement\":[{\"@type\":\"ListItem\",\"position\":1,\"name\":\"Accueil\",\"item\":\"https:\/\/www.abyssa.com\/fr\/\"},{\"@type\":\"ListItem\",\"position\":2,\"name\":\"ABYSSA annonce sa deuxi\u00e8me lev\u00e9e de fonds et la cr\u00e9ation de ABYSSA Polyn\u00e9sie\"}]},{\"@type\":\"WebSite\",\"@id\":\"https:\/\/www.abyssa.com\/fr\/#website\",\"url\":\"https:\/\/www.abyssa.com\/fr\/\",\"name\":\"Abyssa\",\"description\":\"Soci\u00e9t\u00e9 fran\u00e7aise d&#039;exploration des grands fonds marins\",\"potentialAction\":[{\"@type\":\"SearchAction\",\"target\":{\"@type\":\"EntryPoint\",\"urlTemplate\":\"https:\/\/www.abyssa.com\/fr\/?s={search_term_string}\"},\"query-input\":{\"@type\":\"PropertyValueSpecification\",\"valueRequired\":true,\"valueName\":\"search_term_string\"}}],\"inLanguage\":\"fr-FR\"},{\"@type\":\"Person\",\"@id\":\"https:\/\/www.abyssa.com\/fr\/#\/schema\/person\/3c5e58cf8d5c2f3e37ec9b26fb895213\",\"name\":\"adm_first2021\",\"image\":{\"@type\":\"ImageObject\",\"inLanguage\":\"fr-FR\",\"@id\":\"https:\/\/www.abyssa.com\/fr\/#\/schema\/person\/image\/\",\"url\":\"https:\/\/secure.gravatar.com\/avatar\/797bdbf57c6a197b6ab69c06b07f96b78dc5fbf87d81d035e81e4915de63edc4?s=96&d=mm&r=g\",\"contentUrl\":\"https:\/\/secure.gravatar.com\/avatar\/797bdbf57c6a197b6ab69c06b07f96b78dc5fbf87d81d035e81e4915de63edc4?s=96&d=mm&r=g\",\"caption\":\"adm_first2021\"},\"sameAs\":[\"http:\/\/www.abyssa.com\/abys2021\"]}]}<\/script>\n<!-- \/ Yoast SEO plugin. -->","yoast_head_json":{"title":"ABYSSA annonce sa deuxi\u00e8me lev\u00e9e de fonds et la cr\u00e9ation de ABYSSA Polyn\u00e9sie - Abyssa","robots":{"index":"index","follow":"follow","max-snippet":"max-snippet:-1","max-image-preview":"max-image-preview:large","max-video-preview":"max-video-preview:-1"},"canonical":"https:\/\/www.abyssa.com\/fr\/abyssa-annonce-sa-deuxieme-levee-de-fonds-et-la-creation-de-abyssa-polynesie\/","og_locale":"fr_FR","og_type":"article","og_title":"ABYSSA annonce sa deuxi\u00e8me lev\u00e9e de fonds et la cr\u00e9ation de ABYSSA Polyn\u00e9sie - Abyssa","og_description":"Le Comit\u00e9 Strat\u00e9gique du 17 Juin 2021 a annonc\u00e9 sa volont\u00e9 d'organiser une deuxi\u00e8me lev\u00e9e de fonds \u00e0 partir du mois de juillet, et de lancer en parall\u00e8le une nouvelle filiale ABYSSA Polyn\u00e9sie bas\u00e9e \u00e0 Tahiti.","og_url":"https:\/\/www.abyssa.com\/fr\/abyssa-annonce-sa-deuxieme-levee-de-fonds-et-la-creation-de-abyssa-polynesie\/","og_site_name":"Abyssa","article_published_time":"2021-06-21T12:00:56+00:00","article_modified_time":"2021-06-22T10:01:39+00:00","og_image":[{"width":1920,"height":1054,"url":"https:\/\/www.abyssa.com\/abys2021\/wp-content\/uploads\/2021\/06\/ABYSSA-polynesie-1.jpg","type":"image\/jpeg"}],"author":"adm_first2021","twitter_card":"summary_large_image","twitter_misc":{"\u00c9crit par":"adm_first2021","Dur\u00e9e de lecture estim\u00e9e":"1 minute"},"schema":{"@context":"https:\/\/schema.org","@graph":[{"@type":"Article","@id":"https:\/\/www.abyssa.com\/fr\/abyssa-annonce-sa-deuxieme-levee-de-fonds-et-la-creation-de-abyssa-polynesie\/#article","isPartOf":{"@id":"https:\/\/www.abyssa.com\/fr\/abyssa-annonce-sa-deuxieme-levee-de-fonds-et-la-creation-de-abyssa-polynesie\/"},"author":{"name":"adm_first2021","@id":"https:\/\/www.abyssa.com\/fr\/#\/schema\/person\/3c5e58cf8d5c2f3e37ec9b26fb895213"},"headline":"ABYSSA annonce sa deuxi\u00e8me lev\u00e9e de fonds et la cr\u00e9ation de ABYSSA Polyn\u00e9sie","datePublished":"2021-06-21T12:00:56+00:00","dateModified":"2021-06-22T10:01:39+00:00","mainEntityOfPage":{"@id":"https:\/\/www.abyssa.com\/fr\/abyssa-annonce-sa-deuxieme-levee-de-fonds-et-la-creation-de-abyssa-polynesie\/"},"wordCount":191,"image":{"@id":"https:\/\/www.abyssa.com\/fr\/abyssa-annonce-sa-deuxieme-levee-de-fonds-et-la-creation-de-abyssa-polynesie\/#primaryimage"},"thumbnailUrl":"https:\/\/www.abyssa.com\/abys2021\/wp-content\/uploads\/2021\/06\/ABYSSA-polynesie-1.jpg","articleSection":["ABYSSA"],"inLanguage":"fr-FR"},{"@type":"WebPage","@id":"https:\/\/www.abyssa.com\/fr\/abyssa-annonce-sa-deuxieme-levee-de-fonds-et-la-creation-de-abyssa-polynesie\/","url":"https:\/\/www.abyssa.com\/fr\/abyssa-annonce-sa-deuxieme-levee-de-fonds-et-la-creation-de-abyssa-polynesie\/","name":"ABYSSA annonce sa deuxi\u00e8me lev\u00e9e de fonds et la cr\u00e9ation de ABYSSA Polyn\u00e9sie - Abyssa","isPartOf":{"@id":"https:\/\/www.abyssa.com\/fr\/#website"},"primaryImageOfPage":{"@id":"https:\/\/www.abyssa.com\/fr\/abyssa-annonce-sa-deuxieme-levee-de-fonds-et-la-creation-de-abyssa-polynesie\/#primaryimage"},"image":{"@id":"https:\/\/www.abyssa.com\/fr\/abyssa-annonce-sa-deuxieme-levee-de-fonds-et-la-creation-de-abyssa-polynesie\/#primaryimage"},"thumbnailUrl":"https:\/\/www.abyssa.com\/abys2021\/wp-content\/uploads\/2021\/06\/ABYSSA-polynesie-1.jpg","datePublished":"2021-06-21T12:00:56+00:00","dateModified":"2021-06-22T10:01:39+00:00","author":{"@id":"https:\/\/www.abyssa.com\/fr\/#\/schema\/person\/3c5e58cf8d5c2f3e37ec9b26fb895213"},"breadcrumb":{"@id":"https:\/\/www.abyssa.com\/fr\/abyssa-annonce-sa-deuxieme-levee-de-fonds-et-la-creation-de-abyssa-polynesie\/#breadcrumb"},"inLanguage":"fr-FR","potentialAction":[{"@type":"ReadAction","target":["https:\/\/www.abyssa.com\/fr\/abyssa-annonce-sa-deuxieme-levee-de-fonds-et-la-creation-de-abyssa-polynesie\/"]}]},{"@type":"ImageObject","inLanguage":"fr-FR","@id":"https:\/\/www.abyssa.com\/fr\/abyssa-annonce-sa-deuxieme-levee-de-fonds-et-la-creation-de-abyssa-polynesie\/#primaryimage","url":"https:\/\/www.abyssa.com\/abys2021\/wp-content\/uploads\/2021\/06\/ABYSSA-polynesie-1.jpg","contentUrl":"https:\/\/www.abyssa.com\/abys2021\/wp-content\/uploads\/2021\/06\/ABYSSA-polynesie-1.jpg","width":1920,"height":1054},{"@type":"BreadcrumbList","@id":"https:\/\/www.abyssa.com\/fr\/abyssa-annonce-sa-deuxieme-levee-de-fonds-et-la-creation-de-abyssa-polynesie\/#breadcrumb","itemListElement":[{"@type":"ListItem","position":1,"name":"Accueil","item":"https:\/\/www.abyssa.com\/fr\/"},{"@type":"ListItem","position":2,"name":"ABYSSA annonce sa deuxi\u00e8me lev\u00e9e de fonds et la cr\u00e9ation de ABYSSA Polyn\u00e9sie"}]},{"@type":"WebSite","@id":"https:\/\/www.abyssa.com\/fr\/#website","url":"https:\/\/www.abyssa.com\/fr\/","name":"Abyssa","description":"Soci\u00e9t\u00e9 fran\u00e7aise d&#039;exploration des grands fonds marins","potentialAction":[{"@type":"SearchAction","target":{"@type":"EntryPoint","urlTemplate":"https:\/\/www.abyssa.com\/fr\/?s={search_term_string}"},"query-input":{"@type":"PropertyValueSpecification","valueRequired":true,"valueName":"search_term_string"}}],"inLanguage":"fr-FR"},{"@type":"Person","@id":"https:\/\/www.abyssa.com\/fr\/#\/schema\/person\/3c5e58cf8d5c2f3e37ec9b26fb895213","name":"adm_first2021","image":{"@type":"ImageObject","inLanguage":"fr-FR","@id":"https:\/\/www.abyssa.com\/fr\/#\/schema\/person\/image\/","url":"https:\/\/secure.gravatar.com\/avatar\/797bdbf57c6a197b6ab69c06b07f96b78dc5fbf87d81d035e81e4915de63edc4?s=96&d=mm&r=g","contentUrl":"https:\/\/secure.gravatar.com\/avatar\/797bdbf57c6a197b6ab69c06b07f96b78dc5fbf87d81d035e81e4915de63edc4?s=96&d=mm&r=g","caption":"adm_first2021"},"sameAs":["http:\/\/www.abyssa.com\/abys2021"]}]}},"_links":{"self":[{"href":"https:\/\/www.abyssa.com\/fr\/wp-json\/wp\/v2\/posts\/2117","targetHints":{"allow":["GET"]}}],"collection":[{"href":"https:\/\/www.abyssa.com\/fr\/wp-json\/wp\/v2\/posts"}],"about":[{"href":"https:\/\/www.abyssa.com\/fr\/wp-json\/wp\/v2\/types\/post"}],"author":[{"embeddable":true,"href":"https:\/\/www.abyssa.com\/fr\/wp-json\/wp\/v2\/users\/1"}],"replies":[{"embeddable":true,"href":"https:\/\/www.abyssa.com\/fr\/wp-json\/wp\/v2\/comments?post=2117"}],"version-history":[{"count":0,"href":"https:\/\/www.abyssa.com\/fr\/wp-json\/wp\/v2\/posts\/2117\/revisions"}],"wp:featuredmedia":[{"embeddable":true,"href":"https:\/\/www.abyssa.com\/fr\/wp-json\/wp\/v2\/media\/2140"}],"wp:attachment":[{"href":"https:\/\/www.abyssa.com\/fr\/wp-json\/wp\/v2\/media?parent=2117"}],"wp:term":[{"taxonomy":"category","embeddable":true,"href":"https:\/\/www.abyssa.com\/fr\/wp-json\/wp\/v2\/categories?post=2117"},{"taxonomy":"post_tag","embeddable":true,"href":"https:\/\/www.abyssa.com\/fr\/wp-json\/wp\/v2\/tags?post=2117"}],"curies":[{"name":"wp","href":"https:\/\/api.w.org\/{rel}","templated":true}]}}