{"id":1824,"date":"2021-05-17T14:00:56","date_gmt":"2021-05-17T12:00:56","guid":{"rendered":"http:\/\/www.abyssa.com\/abys2021\/?p=1824"},"modified":"2022-08-03T17:16:06","modified_gmt":"2022-08-03T15:16:06","slug":"article-presse-abyssa-met-le-cap-sur-les-grands-fonds","status":"publish","type":"post","link":"https:\/\/www.abyssa.com\/fr\/article-presse-abyssa-met-le-cap-sur-les-grands-fonds\/","title":{"rendered":"Article presse : ABYSSA met le cap sur les grands fonds !"},"content":{"rendered":"<div class=\"wpb-content-wrapper\"><p>[vc_row][vc_column]<div id=\"ultimate-heading-766469f2c71482a93\" class=\"uvc-heading ult-adjust-bottom-margin ultimate-heading-766469f2c71482a93 uvc-8314 \" data-hspacer=\"no_spacer\"  data-halign=\"left\" style=\"text-align:left\"><div class=\"uvc-heading-spacer no_spacer\" style=\"top\"><\/div><div class=\"uvc-main-heading ult-responsive\"  data-ultimate-target='.uvc-heading.ultimate-heading-766469f2c71482a93 h2'  data-responsive-json-new='{\"font-size\":\"desktop:40px;\",\"line-height\":\"desktop:50px;\"}' ><h2 style=\"font-family:&#039;Exo 2&#039;;font-weight:200;margin-bottom:25px;\">La revue \u201cEnvironnement Nouvelle-Cal\u00e9donie\u201c s'est pench\u00e9e sur la naissance de ABYSSA, du concours MELODI \u00e0 son implantation en 2020 \u00e0 Noum\u00e9a.<\/h2><\/div><\/div>[vc_column_text]Cet article rappelle l\u2019historique de la cr\u00e9ation d\u2019ABYSSA SAS et de sa filiale ABYSSA Nouvelle-Cal\u00e9donie SAS, structures qui visent \u00e0 d\u00e9ployer des v\u00e9hicules autonomes grands fonds dans les 3 oc\u00e9ans. La philosophie d\u2019entreprise est explicit\u00e9e tout comme les objectifs qui sont de dresser des inventaires du patrimoine sous-marin de 5 types : a) patrimoine de formes et de faci\u00e8s, b) patrimoine g\u00e9ologique et min\u00e9ral, c) patrimoine biologique, d) patrimoine hydrologique et \u00e9nerg\u00e9tique, e) patrimoine culturel et d\u2019objets sous-marins. Le texte pr\u00e9cise deux bases de d\u00e9ploiement :\u00a0 a) celle d\u2019Anglet au Pays basque en m\u00e9tropole pour l\u2019Atlantique et l\u2019Oc\u00e9an Indien et b) celle de Noum\u00e9a en Nouvelle-Cal\u00e9donie pour le Pacifique. Des pr\u00e9cisions sont offertes sur les deux types d\u2019outils utilis\u00e9s : a) des v\u00e9hicules autonomes grands fonds agissant en solitaire et b) une flotte de drones compos\u00e9e d\u2019un drone maitre et de drones suiveurs jusqu\u2019\u00e0 6. La liste des diff\u00e9rents capteurs embarqu\u00e9s est \u00e9galement fournie.<\/p>\n<p>La soci\u00e9t\u00e9 \u00e9ditrice de la revue, AZURMEDIA, est membre du Cluster Maritime de Nouvelle-Cal\u00e9donie au c\u00f4t\u00e9 de ABYSSA.<br \/>\nL\u2019article dans sa totalit\u00e9 est \u00e0 lire dans le PDF joint.[\/vc_column_text][vc_row_inner content_placement=\u00a0\u00bbtop\u00a0\u00bb gap=\u00a0\u00bb35&Prime;][vc_column_inner width=\u00a0\u00bb1\/4&Prime; offset=\u00a0\u00bbvc_col-xs-3&Prime;][vc_single_image image=\u00a0\u00bb1842&Prime; img_size=\u00a0\u00bbfull\u00a0\u00bb onclick=\u00a0\u00bbcustom_link\u00a0\u00bb img_link_target=\u00a0\u00bb_blank\u00a0\u00bb image_hovers=\u00a0\u00bbfalse\u00a0\u00bb link=\u00a0\u00bbhttps:\/\/www.abyssa.com\/abys2021\/wp-content\/uploads\/2021\/05\/ABYSSA-Environnement-Nouvelle-Caledonie.pdf\u00a0\u00bb][\/vc_column_inner][vc_column_inner width=\u00a0\u00bb3\/4&Prime; offset=\u00a0\u00bbvc_col-xs-9&Prime;][vc_column_text]<strong>\u00ab\u00a0Environnement Nouvelle-Cal\u00e9donie\u00a0\u00bb<\/strong><br \/>\nNum\u00e9ro 31 (mai 2011)<br \/>\nTexte et illustrations de ABYSSA.<br \/>\nMise en forme, graphisme, \u00e9dition et distribution pris en charge par AZURMEDIA.[\/vc_column_text][vc_column_text]Lire l&rsquo;article : <a href=\"https:\/\/www.abyssa.com\/abys2021\/wp-content\/uploads\/2021\/05\/ABYSSA-Environnement-Nouvelle-Caledonie.pdf\" target=\"_blank\" rel=\"noopener\">cliquez ici<\/a>[\/vc_column_text][\/vc_column_inner][\/vc_row_inner][\/vc_column][\/vc_row]<\/p>\n<\/div>","protected":false},"excerpt":{"rendered":"<p>La revue \u00ab\u00a0Environnement Nouvelle-Cal\u00e9donie\u201d s\u2019est pench\u00e9e sur la naissance d\u2019ABYSSA, du concours MELODI \u00e0 son implantation en 2020 \u00e0 Noum\u00e9a.<\/p>\n","protected":false},"author":1,"featured_media":1829,"comment_status":"closed","ping_status":"closed","sticky":false,"template":"","format":"standard","meta":{"footnotes":""},"categories":[3],"tags":[],"class_list":["post-1824","post","type-post","status-publish","format-standard","has-post-thumbnail","hentry","category-abyssa","category-3","description-off"],"yoast_head":"<!-- This site is optimized with the Yoast SEO plugin v26.7 - https:\/\/yoast.com\/wordpress\/plugins\/seo\/ -->\n<title>Article presse : ABYSSA met le cap sur les grands fonds ! - Abyssa<\/title>\n<meta name=\"description\" content=\"ABYSSA met le cap sur les grands fonds marins : article \u00e0 lire pour suivre l&#039;actualit\u00e9 de la startup ABYSSA\" \/>\n<meta name=\"robots\" content=\"index, follow, max-snippet:-1, max-image-preview:large, max-video-preview:-1\" \/>\n<link rel=\"canonical\" href=\"https:\/\/www.abyssa.com\/fr\/article-presse-abyssa-met-le-cap-sur-les-grands-fonds\/\" \/>\n<meta property=\"og:locale\" content=\"fr_FR\" \/>\n<meta property=\"og:type\" content=\"article\" \/>\n<meta property=\"og:title\" content=\"Article presse : ABYSSA met le cap sur les grands fonds ! - Abyssa\" \/>\n<meta property=\"og:description\" content=\"ABYSSA met le cap sur les grands fonds marins : article \u00e0 lire pour suivre l&#039;actualit\u00e9 de la startup ABYSSA\" \/>\n<meta property=\"og:url\" content=\"https:\/\/www.abyssa.com\/fr\/article-presse-abyssa-met-le-cap-sur-les-grands-fonds\/\" \/>\n<meta property=\"og:site_name\" content=\"Abyssa\" \/>\n<meta property=\"article:published_time\" content=\"2021-05-17T12:00:56+00:00\" \/>\n<meta property=\"article:modified_time\" content=\"2022-08-03T15:16:06+00:00\" \/>\n<meta property=\"og:image\" content=\"https:\/\/www.abyssa.com\/abys2021\/wp-content\/uploads\/2021\/02\/ABYSSA-Environnement-Nouvelle-Caledonie.jpg\" \/>\n\t<meta property=\"og:image:width\" content=\"1920\" \/>\n\t<meta property=\"og:image:height\" content=\"1080\" \/>\n\t<meta property=\"og:image:type\" content=\"image\/jpeg\" \/>\n<meta name=\"author\" content=\"adm_first2021\" \/>\n<meta name=\"twitter:card\" content=\"summary_large_image\" \/>\n<meta name=\"twitter:label1\" content=\"\u00c9crit par\" \/>\n\t<meta name=\"twitter:data1\" content=\"adm_first2021\" \/>\n\t<meta name=\"twitter:label2\" content=\"Dur\u00e9e de lecture estim\u00e9e\" \/>\n\t<meta name=\"twitter:data2\" content=\"2 minutes\" \/>\n<script type=\"application\/ld+json\" class=\"yoast-schema-graph\">{\"@context\":\"https:\/\/schema.org\",\"@graph\":[{\"@type\":\"Article\",\"@id\":\"https:\/\/www.abyssa.com\/fr\/article-presse-abyssa-met-le-cap-sur-les-grands-fonds\/#article\",\"isPartOf\":{\"@id\":\"https:\/\/www.abyssa.com\/fr\/article-presse-abyssa-met-le-cap-sur-les-grands-fonds\/\"},\"author\":{\"name\":\"adm_first2021\",\"@id\":\"https:\/\/www.abyssa.com\/fr\/#\/schema\/person\/3c5e58cf8d5c2f3e37ec9b26fb895213\"},\"headline\":\"Article presse : ABYSSA met le cap sur les grands fonds !\",\"datePublished\":\"2021-05-17T12:00:56+00:00\",\"dateModified\":\"2022-08-03T15:16:06+00:00\",\"mainEntityOfPage\":{\"@id\":\"https:\/\/www.abyssa.com\/fr\/article-presse-abyssa-met-le-cap-sur-les-grands-fonds\/\"},\"wordCount\":420,\"image\":{\"@id\":\"https:\/\/www.abyssa.com\/fr\/article-presse-abyssa-met-le-cap-sur-les-grands-fonds\/#primaryimage\"},\"thumbnailUrl\":\"https:\/\/www.abyssa.com\/abys2021\/wp-content\/uploads\/2021\/02\/ABYSSA-Environnement-Nouvelle-Caledonie.jpg\",\"articleSection\":[\"ABYSSA\"],\"inLanguage\":\"fr-FR\"},{\"@type\":\"WebPage\",\"@id\":\"https:\/\/www.abyssa.com\/fr\/article-presse-abyssa-met-le-cap-sur-les-grands-fonds\/\",\"url\":\"https:\/\/www.abyssa.com\/fr\/article-presse-abyssa-met-le-cap-sur-les-grands-fonds\/\",\"name\":\"Article presse : ABYSSA met le cap sur les grands fonds ! - Abyssa\",\"isPartOf\":{\"@id\":\"https:\/\/www.abyssa.com\/fr\/#website\"},\"primaryImageOfPage\":{\"@id\":\"https:\/\/www.abyssa.com\/fr\/article-presse-abyssa-met-le-cap-sur-les-grands-fonds\/#primaryimage\"},\"image\":{\"@id\":\"https:\/\/www.abyssa.com\/fr\/article-presse-abyssa-met-le-cap-sur-les-grands-fonds\/#primaryimage\"},\"thumbnailUrl\":\"https:\/\/www.abyssa.com\/abys2021\/wp-content\/uploads\/2021\/02\/ABYSSA-Environnement-Nouvelle-Caledonie.jpg\",\"datePublished\":\"2021-05-17T12:00:56+00:00\",\"dateModified\":\"2022-08-03T15:16:06+00:00\",\"author\":{\"@id\":\"https:\/\/www.abyssa.com\/fr\/#\/schema\/person\/3c5e58cf8d5c2f3e37ec9b26fb895213\"},\"description\":\"ABYSSA met le cap sur les grands fonds marins : article \u00e0 lire pour suivre l'actualit\u00e9 de la startup ABYSSA\",\"breadcrumb\":{\"@id\":\"https:\/\/www.abyssa.com\/fr\/article-presse-abyssa-met-le-cap-sur-les-grands-fonds\/#breadcrumb\"},\"inLanguage\":\"fr-FR\",\"potentialAction\":[{\"@type\":\"ReadAction\",\"target\":[\"https:\/\/www.abyssa.com\/fr\/article-presse-abyssa-met-le-cap-sur-les-grands-fonds\/\"]}]},{\"@type\":\"ImageObject\",\"inLanguage\":\"fr-FR\",\"@id\":\"https:\/\/www.abyssa.com\/fr\/article-presse-abyssa-met-le-cap-sur-les-grands-fonds\/#primaryimage\",\"url\":\"https:\/\/www.abyssa.com\/abys2021\/wp-content\/uploads\/2021\/02\/ABYSSA-Environnement-Nouvelle-Caledonie.jpg\",\"contentUrl\":\"https:\/\/www.abyssa.com\/abys2021\/wp-content\/uploads\/2021\/02\/ABYSSA-Environnement-Nouvelle-Caledonie.jpg\",\"width\":1920,\"height\":1080,\"caption\":\"ABYSSA : Environnement Nouvelle-Cal\u00e9donie\"},{\"@type\":\"BreadcrumbList\",\"@id\":\"https:\/\/www.abyssa.com\/fr\/article-presse-abyssa-met-le-cap-sur-les-grands-fonds\/#breadcrumb\",\"itemListElement\":[{\"@type\":\"ListItem\",\"position\":1,\"name\":\"Accueil\",\"item\":\"https:\/\/www.abyssa.com\/fr\/\"},{\"@type\":\"ListItem\",\"position\":2,\"name\":\"Article presse : ABYSSA met le cap sur les grands fonds !\"}]},{\"@type\":\"WebSite\",\"@id\":\"https:\/\/www.abyssa.com\/fr\/#website\",\"url\":\"https:\/\/www.abyssa.com\/fr\/\",\"name\":\"Abyssa\",\"description\":\"Soci\u00e9t\u00e9 fran\u00e7aise d&#039;exploration des grands fonds marins\",\"potentialAction\":[{\"@type\":\"SearchAction\",\"target\":{\"@type\":\"EntryPoint\",\"urlTemplate\":\"https:\/\/www.abyssa.com\/fr\/?s={search_term_string}\"},\"query-input\":{\"@type\":\"PropertyValueSpecification\",\"valueRequired\":true,\"valueName\":\"search_term_string\"}}],\"inLanguage\":\"fr-FR\"},{\"@type\":\"Person\",\"@id\":\"https:\/\/www.abyssa.com\/fr\/#\/schema\/person\/3c5e58cf8d5c2f3e37ec9b26fb895213\",\"name\":\"adm_first2021\",\"image\":{\"@type\":\"ImageObject\",\"inLanguage\":\"fr-FR\",\"@id\":\"https:\/\/www.abyssa.com\/fr\/#\/schema\/person\/image\/\",\"url\":\"https:\/\/secure.gravatar.com\/avatar\/797bdbf57c6a197b6ab69c06b07f96b78dc5fbf87d81d035e81e4915de63edc4?s=96&d=mm&r=g\",\"contentUrl\":\"https:\/\/secure.gravatar.com\/avatar\/797bdbf57c6a197b6ab69c06b07f96b78dc5fbf87d81d035e81e4915de63edc4?s=96&d=mm&r=g\",\"caption\":\"adm_first2021\"},\"sameAs\":[\"http:\/\/www.abyssa.com\/abys2021\"]}]}<\/script>\n<!-- \/ Yoast SEO plugin. -->","yoast_head_json":{"title":"Article presse : ABYSSA met le cap sur les grands fonds ! - Abyssa","description":"ABYSSA met le cap sur les grands fonds marins : article \u00e0 lire pour suivre l'actualit\u00e9 de la startup ABYSSA","robots":{"index":"index","follow":"follow","max-snippet":"max-snippet:-1","max-image-preview":"max-image-preview:large","max-video-preview":"max-video-preview:-1"},"canonical":"https:\/\/www.abyssa.com\/fr\/article-presse-abyssa-met-le-cap-sur-les-grands-fonds\/","og_locale":"fr_FR","og_type":"article","og_title":"Article presse : ABYSSA met le cap sur les grands fonds ! - Abyssa","og_description":"ABYSSA met le cap sur les grands fonds marins : article \u00e0 lire pour suivre l'actualit\u00e9 de la startup ABYSSA","og_url":"https:\/\/www.abyssa.com\/fr\/article-presse-abyssa-met-le-cap-sur-les-grands-fonds\/","og_site_name":"Abyssa","article_published_time":"2021-05-17T12:00:56+00:00","article_modified_time":"2022-08-03T15:16:06+00:00","og_image":[{"width":1920,"height":1080,"url":"https:\/\/www.abyssa.com\/abys2021\/wp-content\/uploads\/2021\/02\/ABYSSA-Environnement-Nouvelle-Caledonie.jpg","type":"image\/jpeg"}],"author":"adm_first2021","twitter_card":"summary_large_image","twitter_misc":{"\u00c9crit par":"adm_first2021","Dur\u00e9e de lecture estim\u00e9e":"2 minutes"},"schema":{"@context":"https:\/\/schema.org","@graph":[{"@type":"Article","@id":"https:\/\/www.abyssa.com\/fr\/article-presse-abyssa-met-le-cap-sur-les-grands-fonds\/#article","isPartOf":{"@id":"https:\/\/www.abyssa.com\/fr\/article-presse-abyssa-met-le-cap-sur-les-grands-fonds\/"},"author":{"name":"adm_first2021","@id":"https:\/\/www.abyssa.com\/fr\/#\/schema\/person\/3c5e58cf8d5c2f3e37ec9b26fb895213"},"headline":"Article presse : ABYSSA met le cap sur les grands fonds !","datePublished":"2021-05-17T12:00:56+00:00","dateModified":"2022-08-03T15:16:06+00:00","mainEntityOfPage":{"@id":"https:\/\/www.abyssa.com\/fr\/article-presse-abyssa-met-le-cap-sur-les-grands-fonds\/"},"wordCount":420,"image":{"@id":"https:\/\/www.abyssa.com\/fr\/article-presse-abyssa-met-le-cap-sur-les-grands-fonds\/#primaryimage"},"thumbnailUrl":"https:\/\/www.abyssa.com\/abys2021\/wp-content\/uploads\/2021\/02\/ABYSSA-Environnement-Nouvelle-Caledonie.jpg","articleSection":["ABYSSA"],"inLanguage":"fr-FR"},{"@type":"WebPage","@id":"https:\/\/www.abyssa.com\/fr\/article-presse-abyssa-met-le-cap-sur-les-grands-fonds\/","url":"https:\/\/www.abyssa.com\/fr\/article-presse-abyssa-met-le-cap-sur-les-grands-fonds\/","name":"Article presse : ABYSSA met le cap sur les grands fonds ! - Abyssa","isPartOf":{"@id":"https:\/\/www.abyssa.com\/fr\/#website"},"primaryImageOfPage":{"@id":"https:\/\/www.abyssa.com\/fr\/article-presse-abyssa-met-le-cap-sur-les-grands-fonds\/#primaryimage"},"image":{"@id":"https:\/\/www.abyssa.com\/fr\/article-presse-abyssa-met-le-cap-sur-les-grands-fonds\/#primaryimage"},"thumbnailUrl":"https:\/\/www.abyssa.com\/abys2021\/wp-content\/uploads\/2021\/02\/ABYSSA-Environnement-Nouvelle-Caledonie.jpg","datePublished":"2021-05-17T12:00:56+00:00","dateModified":"2022-08-03T15:16:06+00:00","author":{"@id":"https:\/\/www.abyssa.com\/fr\/#\/schema\/person\/3c5e58cf8d5c2f3e37ec9b26fb895213"},"description":"ABYSSA met le cap sur les grands fonds marins : article \u00e0 lire pour suivre l'actualit\u00e9 de la startup ABYSSA","breadcrumb":{"@id":"https:\/\/www.abyssa.com\/fr\/article-presse-abyssa-met-le-cap-sur-les-grands-fonds\/#breadcrumb"},"inLanguage":"fr-FR","potentialAction":[{"@type":"ReadAction","target":["https:\/\/www.abyssa.com\/fr\/article-presse-abyssa-met-le-cap-sur-les-grands-fonds\/"]}]},{"@type":"ImageObject","inLanguage":"fr-FR","@id":"https:\/\/www.abyssa.com\/fr\/article-presse-abyssa-met-le-cap-sur-les-grands-fonds\/#primaryimage","url":"https:\/\/www.abyssa.com\/abys2021\/wp-content\/uploads\/2021\/02\/ABYSSA-Environnement-Nouvelle-Caledonie.jpg","contentUrl":"https:\/\/www.abyssa.com\/abys2021\/wp-content\/uploads\/2021\/02\/ABYSSA-Environnement-Nouvelle-Caledonie.jpg","width":1920,"height":1080,"caption":"ABYSSA : Environnement Nouvelle-Cal\u00e9donie"},{"@type":"BreadcrumbList","@id":"https:\/\/www.abyssa.com\/fr\/article-presse-abyssa-met-le-cap-sur-les-grands-fonds\/#breadcrumb","itemListElement":[{"@type":"ListItem","position":1,"name":"Accueil","item":"https:\/\/www.abyssa.com\/fr\/"},{"@type":"ListItem","position":2,"name":"Article presse : ABYSSA met le cap sur les grands fonds !"}]},{"@type":"WebSite","@id":"https:\/\/www.abyssa.com\/fr\/#website","url":"https:\/\/www.abyssa.com\/fr\/","name":"Abyssa","description":"Soci\u00e9t\u00e9 fran\u00e7aise d&#039;exploration des grands fonds marins","potentialAction":[{"@type":"SearchAction","target":{"@type":"EntryPoint","urlTemplate":"https:\/\/www.abyssa.com\/fr\/?s={search_term_string}"},"query-input":{"@type":"PropertyValueSpecification","valueRequired":true,"valueName":"search_term_string"}}],"inLanguage":"fr-FR"},{"@type":"Person","@id":"https:\/\/www.abyssa.com\/fr\/#\/schema\/person\/3c5e58cf8d5c2f3e37ec9b26fb895213","name":"adm_first2021","image":{"@type":"ImageObject","inLanguage":"fr-FR","@id":"https:\/\/www.abyssa.com\/fr\/#\/schema\/person\/image\/","url":"https:\/\/secure.gravatar.com\/avatar\/797bdbf57c6a197b6ab69c06b07f96b78dc5fbf87d81d035e81e4915de63edc4?s=96&d=mm&r=g","contentUrl":"https:\/\/secure.gravatar.com\/avatar\/797bdbf57c6a197b6ab69c06b07f96b78dc5fbf87d81d035e81e4915de63edc4?s=96&d=mm&r=g","caption":"adm_first2021"},"sameAs":["http:\/\/www.abyssa.com\/abys2021"]}]}},"_links":{"self":[{"href":"https:\/\/www.abyssa.com\/fr\/wp-json\/wp\/v2\/posts\/1824","targetHints":{"allow":["GET"]}}],"collection":[{"href":"https:\/\/www.abyssa.com\/fr\/wp-json\/wp\/v2\/posts"}],"about":[{"href":"https:\/\/www.abyssa.com\/fr\/wp-json\/wp\/v2\/types\/post"}],"author":[{"embeddable":true,"href":"https:\/\/www.abyssa.com\/fr\/wp-json\/wp\/v2\/users\/1"}],"replies":[{"embeddable":true,"href":"https:\/\/www.abyssa.com\/fr\/wp-json\/wp\/v2\/comments?post=1824"}],"version-history":[{"count":0,"href":"https:\/\/www.abyssa.com\/fr\/wp-json\/wp\/v2\/posts\/1824\/revisions"}],"wp:featuredmedia":[{"embeddable":true,"href":"https:\/\/www.abyssa.com\/fr\/wp-json\/wp\/v2\/media\/1829"}],"wp:attachment":[{"href":"https:\/\/www.abyssa.com\/fr\/wp-json\/wp\/v2\/media?parent=1824"}],"wp:term":[{"taxonomy":"category","embeddable":true,"href":"https:\/\/www.abyssa.com\/fr\/wp-json\/wp\/v2\/categories?post=1824"},{"taxonomy":"post_tag","embeddable":true,"href":"https:\/\/www.abyssa.com\/fr\/wp-json\/wp\/v2\/tags?post=1824"}],"curies":[{"name":"wp","href":"https:\/\/api.w.org\/{rel}","templated":true}]}}