{"id":1170,"date":"2021-03-05T14:23:56","date_gmt":"2021-03-05T13:23:56","guid":{"rendered":"http:\/\/www.abyssa.com\/abys2021\/?p=1170"},"modified":"2021-05-26T10:22:42","modified_gmt":"2021-05-26T08:22:42","slug":"le-ministere-de-la-mer-donne-la-parole-a-abyssa","status":"publish","type":"post","link":"https:\/\/www.abyssa.com\/fr\/le-ministere-de-la-mer-donne-la-parole-a-abyssa\/","title":{"rendered":"Le Minist\u00e8re de la mer donne la parole \u00e0 ABYSSA !"},"content":{"rendered":"<div class=\"wpb-content-wrapper\"><p>[vc_row][vc_column]<div id=\"ultimate-heading-922269f48b2d506d2\" class=\"uvc-heading ult-adjust-bottom-margin ultimate-heading-922269f48b2d506d2 uvc-1976 \" data-hspacer=\"no_spacer\"  data-halign=\"left\" style=\"text-align:left\"><div class=\"uvc-heading-spacer no_spacer\" style=\"top\"><\/div><div class=\"uvc-main-heading ult-responsive\"  data-ultimate-target='.uvc-heading.ultimate-heading-922269f48b2d506d2 h2'  data-responsive-json-new='{\"font-size\":\"desktop:40px;\",\"line-height\":\"desktop:50px;\"}' ><h2 style=\"font-family:&#039;Exo 2&#039;;font-weight:200;margin-bottom:25px;\">Le Minist\u00e8re de la mer, dirig\u00e9 par Madame Annick GIRARDIN met ABYSSA \u00e0 l\u2019honneur dans une vid\u00e9o, \u00ab La tech\u2019 marine et maritime innove \u00bb.<\/h2><\/div><div class=\"uvc-sub-heading ult-responsive\"  data-ultimate-target='.uvc-heading.ultimate-heading-922269f48b2d506d2 .uvc-sub-heading '  data-responsive-json-new='{\"font-size\":\"desktop:18px;\",\"line-height\":\"desktop:32px;\"}'  style=\"font-family:&#039;Exo 2&#039;;font-weight:200;margin-bottom:35px;\">Jean-Marc SORNIN, Pr\u00e9sident de ABYSSA, y d\u00e9taille la vocation, les missions et les enjeux auxquels la startup fait face.<\/div><\/div>[vc_column_text]Post\u00e9e sur la page Linkedin du Minist\u00e8re de la Mer (en version r\u00e9duite) et sur sa chaine Youtube (en version compl\u00e8te), la vid\u00e9o a b\u00e9n\u00e9fici\u00e9 de plus de 12 000 vues en moins de deux semaines ![\/vc_column_text][vc_raw_html css=\u00a0\u00bb.vc_custom_1619011903872{margin-top: 15px !important;margin-right: 15px !important;margin-bottom: 15px !important;margin-left: 15px !important;}\u00a0\u00bb]JTNDdmlkZW8lMjB3aWR0aCUzRCUyMjEwMCUyNSUyMiUyMGhlaWdodCUzRCUyMmF1dG8lMjIlMjBjb250cm9scyUzRCUyMmNvbnRyb2xzJTIyJTIwY29udHJvbHNMaXN0JTNEJTIybm9kb3dubG9hZCUyMiUyMHBvc3RlciUzRCUyMmh0dHBzJTNBJTJGJTJGd3d3LmFieXNzYS5jb20lMkZhYnlzMjAyMSUyRndwLWNvbnRlbnQlMkZ1cGxvYWRzJTJGdmlkZW8lMkZtaW5pc3RlcmUtbWVyLmpwZyUyMiUzRSUwQSUyMCUyMCUzQ3NvdXJjZSUyMHNyYyUzRCUyMmh0dHBzJTNBJTJGJTJGd3d3LmFieXNzYS5jb20lMkZhYnlzMjAyMSUyRndwLWNvbnRlbnQlMkZ1cGxvYWRzJTJGdmlkZW8lMkZtaW5pc3RlcmVfbWVyLm1wNCUyMiUyMHR5cGUlM0QlMjJ2aWRlbyUyRm1wNCUyMiUyMCUyRiUzRSUwQSUyMCUyMCUzQ3NvdXJjZSUyMHNyYyUzRCUyMmh0dHBzJTNBJTJGJTJGd3d3LmFieXNzYS5jb20lMkZhYnlzMjAyMSUyRndwLWNvbnRlbnQlMkZ1cGxvYWRzJTJGdmlkZW8lMkZtaW5pc3RlcmVfbWVyLndlYm0lMjIlMjB0eXBlJTNEJTIydmlkZW8lMkZ3ZWJtJTIyJTIwJTJGJTNFJTBBJTNDJTJGdmlkZW8lM0U=[\/vc_raw_html][vc_column_text]<\/p>\n<p style=\"font-site: 12px;\">Vid\u00e9o : J\u00e9rome Courouc\u00e9<\/p>\n<p>[\/vc_column_text][\/vc_column][\/vc_row]<\/p>\n<\/div>","protected":false},"excerpt":{"rendered":"<p>Le Minist\u00e8re de la mer, dirig\u00e9 par Madame Annick GIRARDIN met ABYSSA \u00e0 l\u2019honneur dans une vid\u00e9o, \u00ab La tech\u2019 marine et maritime innove \u00bb. <\/p>\n","protected":false},"author":1,"featured_media":1167,"comment_status":"closed","ping_status":"closed","sticky":false,"template":"","format":"standard","meta":{"footnotes":""},"categories":[3],"tags":[],"class_list":["post-1170","post","type-post","status-publish","format-standard","has-post-thumbnail","hentry","category-abyssa","category-3","description-off"],"yoast_head":"<!-- This site is optimized with the Yoast SEO plugin v26.7 - https:\/\/yoast.com\/wordpress\/plugins\/seo\/ -->\n<title>Le Minist\u00e8re de la mer donne la parole \u00e0 ABYSSA ! - Abyssa<\/title>\n<meta name=\"robots\" content=\"index, follow, max-snippet:-1, max-image-preview:large, max-video-preview:-1\" \/>\n<link rel=\"canonical\" href=\"https:\/\/www.abyssa.com\/fr\/le-ministere-de-la-mer-donne-la-parole-a-abyssa\/\" \/>\n<meta property=\"og:locale\" content=\"fr_FR\" \/>\n<meta property=\"og:type\" content=\"article\" \/>\n<meta property=\"og:title\" content=\"Le Minist\u00e8re de la mer donne la parole \u00e0 ABYSSA ! - Abyssa\" \/>\n<meta property=\"og:description\" content=\"Le Minist\u00e8re de la mer, dirig\u00e9 par Madame Annick GIRARDIN met ABYSSA \u00e0 l\u2019honneur dans une vid\u00e9o, \u00ab La tech\u2019 marine et maritime innove \u00bb.\" \/>\n<meta property=\"og:url\" content=\"https:\/\/www.abyssa.com\/fr\/le-ministere-de-la-mer-donne-la-parole-a-abyssa\/\" \/>\n<meta property=\"og:site_name\" content=\"Abyssa\" \/>\n<meta property=\"article:published_time\" content=\"2021-03-05T13:23:56+00:00\" \/>\n<meta property=\"article:modified_time\" content=\"2021-05-26T08:22:42+00:00\" \/>\n<meta property=\"og:image\" content=\"https:\/\/www.abyssa.com\/abys2021\/wp-content\/uploads\/2021\/03\/ministere-mer.jpg\" \/>\n\t<meta property=\"og:image:width\" content=\"1080\" \/>\n\t<meta property=\"og:image:height\" content=\"1080\" \/>\n\t<meta property=\"og:image:type\" content=\"image\/jpeg\" \/>\n<meta name=\"author\" content=\"adm_first2021\" \/>\n<meta name=\"twitter:card\" content=\"summary_large_image\" \/>\n<meta name=\"twitter:label1\" content=\"\u00c9crit par\" \/>\n\t<meta name=\"twitter:data1\" content=\"adm_first2021\" \/>\n\t<meta name=\"twitter:label2\" content=\"Dur\u00e9e de lecture estim\u00e9e\" \/>\n\t<meta name=\"twitter:data2\" content=\"1 minute\" \/>\n<script type=\"application\/ld+json\" class=\"yoast-schema-graph\">{\"@context\":\"https:\/\/schema.org\",\"@graph\":[{\"@type\":\"Article\",\"@id\":\"https:\/\/www.abyssa.com\/fr\/le-ministere-de-la-mer-donne-la-parole-a-abyssa\/#article\",\"isPartOf\":{\"@id\":\"https:\/\/www.abyssa.com\/fr\/le-ministere-de-la-mer-donne-la-parole-a-abyssa\/\"},\"author\":{\"name\":\"adm_first2021\",\"@id\":\"https:\/\/www.abyssa.com\/fr\/#\/schema\/person\/3c5e58cf8d5c2f3e37ec9b26fb895213\"},\"headline\":\"Le Minist\u00e8re de la mer donne la parole \u00e0 ABYSSA !\",\"datePublished\":\"2021-03-05T13:23:56+00:00\",\"dateModified\":\"2021-05-26T08:22:42+00:00\",\"mainEntityOfPage\":{\"@id\":\"https:\/\/www.abyssa.com\/fr\/le-ministere-de-la-mer-donne-la-parole-a-abyssa\/\"},\"wordCount\":274,\"image\":{\"@id\":\"https:\/\/www.abyssa.com\/fr\/le-ministere-de-la-mer-donne-la-parole-a-abyssa\/#primaryimage\"},\"thumbnailUrl\":\"https:\/\/www.abyssa.com\/abys2021\/wp-content\/uploads\/2021\/03\/ministere-mer.jpg\",\"articleSection\":[\"ABYSSA\"],\"inLanguage\":\"fr-FR\"},{\"@type\":\"WebPage\",\"@id\":\"https:\/\/www.abyssa.com\/fr\/le-ministere-de-la-mer-donne-la-parole-a-abyssa\/\",\"url\":\"https:\/\/www.abyssa.com\/fr\/le-ministere-de-la-mer-donne-la-parole-a-abyssa\/\",\"name\":\"Le Minist\u00e8re de la mer donne la parole \u00e0 ABYSSA ! - Abyssa\",\"isPartOf\":{\"@id\":\"https:\/\/www.abyssa.com\/fr\/#website\"},\"primaryImageOfPage\":{\"@id\":\"https:\/\/www.abyssa.com\/fr\/le-ministere-de-la-mer-donne-la-parole-a-abyssa\/#primaryimage\"},\"image\":{\"@id\":\"https:\/\/www.abyssa.com\/fr\/le-ministere-de-la-mer-donne-la-parole-a-abyssa\/#primaryimage\"},\"thumbnailUrl\":\"https:\/\/www.abyssa.com\/abys2021\/wp-content\/uploads\/2021\/03\/ministere-mer.jpg\",\"datePublished\":\"2021-03-05T13:23:56+00:00\",\"dateModified\":\"2021-05-26T08:22:42+00:00\",\"author\":{\"@id\":\"https:\/\/www.abyssa.com\/fr\/#\/schema\/person\/3c5e58cf8d5c2f3e37ec9b26fb895213\"},\"breadcrumb\":{\"@id\":\"https:\/\/www.abyssa.com\/fr\/le-ministere-de-la-mer-donne-la-parole-a-abyssa\/#breadcrumb\"},\"inLanguage\":\"fr-FR\",\"potentialAction\":[{\"@type\":\"ReadAction\",\"target\":[\"https:\/\/www.abyssa.com\/fr\/le-ministere-de-la-mer-donne-la-parole-a-abyssa\/\"]}]},{\"@type\":\"ImageObject\",\"inLanguage\":\"fr-FR\",\"@id\":\"https:\/\/www.abyssa.com\/fr\/le-ministere-de-la-mer-donne-la-parole-a-abyssa\/#primaryimage\",\"url\":\"https:\/\/www.abyssa.com\/abys2021\/wp-content\/uploads\/2021\/03\/ministere-mer.jpg\",\"contentUrl\":\"https:\/\/www.abyssa.com\/abys2021\/wp-content\/uploads\/2021\/03\/ministere-mer.jpg\",\"width\":1080,\"height\":1080,\"caption\":\"Le Minist\u00e8re de la mer donne la parole \u00e0 ABYSSA !\"},{\"@type\":\"BreadcrumbList\",\"@id\":\"https:\/\/www.abyssa.com\/fr\/le-ministere-de-la-mer-donne-la-parole-a-abyssa\/#breadcrumb\",\"itemListElement\":[{\"@type\":\"ListItem\",\"position\":1,\"name\":\"Accueil\",\"item\":\"https:\/\/www.abyssa.com\/fr\/\"},{\"@type\":\"ListItem\",\"position\":2,\"name\":\"Le Minist\u00e8re de la mer donne la parole \u00e0 ABYSSA !\"}]},{\"@type\":\"WebSite\",\"@id\":\"https:\/\/www.abyssa.com\/fr\/#website\",\"url\":\"https:\/\/www.abyssa.com\/fr\/\",\"name\":\"Abyssa\",\"description\":\"Soci\u00e9t\u00e9 fran\u00e7aise d&#039;exploration des grands fonds marins\",\"potentialAction\":[{\"@type\":\"SearchAction\",\"target\":{\"@type\":\"EntryPoint\",\"urlTemplate\":\"https:\/\/www.abyssa.com\/fr\/?s={search_term_string}\"},\"query-input\":{\"@type\":\"PropertyValueSpecification\",\"valueRequired\":true,\"valueName\":\"search_term_string\"}}],\"inLanguage\":\"fr-FR\"},{\"@type\":\"Person\",\"@id\":\"https:\/\/www.abyssa.com\/fr\/#\/schema\/person\/3c5e58cf8d5c2f3e37ec9b26fb895213\",\"name\":\"adm_first2021\",\"image\":{\"@type\":\"ImageObject\",\"inLanguage\":\"fr-FR\",\"@id\":\"https:\/\/www.abyssa.com\/fr\/#\/schema\/person\/image\/\",\"url\":\"https:\/\/secure.gravatar.com\/avatar\/797bdbf57c6a197b6ab69c06b07f96b78dc5fbf87d81d035e81e4915de63edc4?s=96&d=mm&r=g\",\"contentUrl\":\"https:\/\/secure.gravatar.com\/avatar\/797bdbf57c6a197b6ab69c06b07f96b78dc5fbf87d81d035e81e4915de63edc4?s=96&d=mm&r=g\",\"caption\":\"adm_first2021\"},\"sameAs\":[\"http:\/\/www.abyssa.com\/abys2021\"]}]}<\/script>\n<!-- \/ Yoast SEO plugin. -->","yoast_head_json":{"title":"Le Minist\u00e8re de la mer donne la parole \u00e0 ABYSSA ! - Abyssa","robots":{"index":"index","follow":"follow","max-snippet":"max-snippet:-1","max-image-preview":"max-image-preview:large","max-video-preview":"max-video-preview:-1"},"canonical":"https:\/\/www.abyssa.com\/fr\/le-ministere-de-la-mer-donne-la-parole-a-abyssa\/","og_locale":"fr_FR","og_type":"article","og_title":"Le Minist\u00e8re de la mer donne la parole \u00e0 ABYSSA ! - Abyssa","og_description":"Le Minist\u00e8re de la mer, dirig\u00e9 par Madame Annick GIRARDIN met ABYSSA \u00e0 l\u2019honneur dans une vid\u00e9o, \u00ab La tech\u2019 marine et maritime innove \u00bb.","og_url":"https:\/\/www.abyssa.com\/fr\/le-ministere-de-la-mer-donne-la-parole-a-abyssa\/","og_site_name":"Abyssa","article_published_time":"2021-03-05T13:23:56+00:00","article_modified_time":"2021-05-26T08:22:42+00:00","og_image":[{"width":1080,"height":1080,"url":"https:\/\/www.abyssa.com\/abys2021\/wp-content\/uploads\/2021\/03\/ministere-mer.jpg","type":"image\/jpeg"}],"author":"adm_first2021","twitter_card":"summary_large_image","twitter_misc":{"\u00c9crit par":"adm_first2021","Dur\u00e9e de lecture estim\u00e9e":"1 minute"},"schema":{"@context":"https:\/\/schema.org","@graph":[{"@type":"Article","@id":"https:\/\/www.abyssa.com\/fr\/le-ministere-de-la-mer-donne-la-parole-a-abyssa\/#article","isPartOf":{"@id":"https:\/\/www.abyssa.com\/fr\/le-ministere-de-la-mer-donne-la-parole-a-abyssa\/"},"author":{"name":"adm_first2021","@id":"https:\/\/www.abyssa.com\/fr\/#\/schema\/person\/3c5e58cf8d5c2f3e37ec9b26fb895213"},"headline":"Le Minist\u00e8re de la mer donne la parole \u00e0 ABYSSA !","datePublished":"2021-03-05T13:23:56+00:00","dateModified":"2021-05-26T08:22:42+00:00","mainEntityOfPage":{"@id":"https:\/\/www.abyssa.com\/fr\/le-ministere-de-la-mer-donne-la-parole-a-abyssa\/"},"wordCount":274,"image":{"@id":"https:\/\/www.abyssa.com\/fr\/le-ministere-de-la-mer-donne-la-parole-a-abyssa\/#primaryimage"},"thumbnailUrl":"https:\/\/www.abyssa.com\/abys2021\/wp-content\/uploads\/2021\/03\/ministere-mer.jpg","articleSection":["ABYSSA"],"inLanguage":"fr-FR"},{"@type":"WebPage","@id":"https:\/\/www.abyssa.com\/fr\/le-ministere-de-la-mer-donne-la-parole-a-abyssa\/","url":"https:\/\/www.abyssa.com\/fr\/le-ministere-de-la-mer-donne-la-parole-a-abyssa\/","name":"Le Minist\u00e8re de la mer donne la parole \u00e0 ABYSSA ! - Abyssa","isPartOf":{"@id":"https:\/\/www.abyssa.com\/fr\/#website"},"primaryImageOfPage":{"@id":"https:\/\/www.abyssa.com\/fr\/le-ministere-de-la-mer-donne-la-parole-a-abyssa\/#primaryimage"},"image":{"@id":"https:\/\/www.abyssa.com\/fr\/le-ministere-de-la-mer-donne-la-parole-a-abyssa\/#primaryimage"},"thumbnailUrl":"https:\/\/www.abyssa.com\/abys2021\/wp-content\/uploads\/2021\/03\/ministere-mer.jpg","datePublished":"2021-03-05T13:23:56+00:00","dateModified":"2021-05-26T08:22:42+00:00","author":{"@id":"https:\/\/www.abyssa.com\/fr\/#\/schema\/person\/3c5e58cf8d5c2f3e37ec9b26fb895213"},"breadcrumb":{"@id":"https:\/\/www.abyssa.com\/fr\/le-ministere-de-la-mer-donne-la-parole-a-abyssa\/#breadcrumb"},"inLanguage":"fr-FR","potentialAction":[{"@type":"ReadAction","target":["https:\/\/www.abyssa.com\/fr\/le-ministere-de-la-mer-donne-la-parole-a-abyssa\/"]}]},{"@type":"ImageObject","inLanguage":"fr-FR","@id":"https:\/\/www.abyssa.com\/fr\/le-ministere-de-la-mer-donne-la-parole-a-abyssa\/#primaryimage","url":"https:\/\/www.abyssa.com\/abys2021\/wp-content\/uploads\/2021\/03\/ministere-mer.jpg","contentUrl":"https:\/\/www.abyssa.com\/abys2021\/wp-content\/uploads\/2021\/03\/ministere-mer.jpg","width":1080,"height":1080,"caption":"Le Minist\u00e8re de la mer donne la parole \u00e0 ABYSSA !"},{"@type":"BreadcrumbList","@id":"https:\/\/www.abyssa.com\/fr\/le-ministere-de-la-mer-donne-la-parole-a-abyssa\/#breadcrumb","itemListElement":[{"@type":"ListItem","position":1,"name":"Accueil","item":"https:\/\/www.abyssa.com\/fr\/"},{"@type":"ListItem","position":2,"name":"Le Minist\u00e8re de la mer donne la parole \u00e0 ABYSSA !"}]},{"@type":"WebSite","@id":"https:\/\/www.abyssa.com\/fr\/#website","url":"https:\/\/www.abyssa.com\/fr\/","name":"Abyssa","description":"Soci\u00e9t\u00e9 fran\u00e7aise d&#039;exploration des grands fonds marins","potentialAction":[{"@type":"SearchAction","target":{"@type":"EntryPoint","urlTemplate":"https:\/\/www.abyssa.com\/fr\/?s={search_term_string}"},"query-input":{"@type":"PropertyValueSpecification","valueRequired":true,"valueName":"search_term_string"}}],"inLanguage":"fr-FR"},{"@type":"Person","@id":"https:\/\/www.abyssa.com\/fr\/#\/schema\/person\/3c5e58cf8d5c2f3e37ec9b26fb895213","name":"adm_first2021","image":{"@type":"ImageObject","inLanguage":"fr-FR","@id":"https:\/\/www.abyssa.com\/fr\/#\/schema\/person\/image\/","url":"https:\/\/secure.gravatar.com\/avatar\/797bdbf57c6a197b6ab69c06b07f96b78dc5fbf87d81d035e81e4915de63edc4?s=96&d=mm&r=g","contentUrl":"https:\/\/secure.gravatar.com\/avatar\/797bdbf57c6a197b6ab69c06b07f96b78dc5fbf87d81d035e81e4915de63edc4?s=96&d=mm&r=g","caption":"adm_first2021"},"sameAs":["http:\/\/www.abyssa.com\/abys2021"]}]}},"_links":{"self":[{"href":"https:\/\/www.abyssa.com\/fr\/wp-json\/wp\/v2\/posts\/1170","targetHints":{"allow":["GET"]}}],"collection":[{"href":"https:\/\/www.abyssa.com\/fr\/wp-json\/wp\/v2\/posts"}],"about":[{"href":"https:\/\/www.abyssa.com\/fr\/wp-json\/wp\/v2\/types\/post"}],"author":[{"embeddable":true,"href":"https:\/\/www.abyssa.com\/fr\/wp-json\/wp\/v2\/users\/1"}],"replies":[{"embeddable":true,"href":"https:\/\/www.abyssa.com\/fr\/wp-json\/wp\/v2\/comments?post=1170"}],"version-history":[{"count":0,"href":"https:\/\/www.abyssa.com\/fr\/wp-json\/wp\/v2\/posts\/1170\/revisions"}],"wp:featuredmedia":[{"embeddable":true,"href":"https:\/\/www.abyssa.com\/fr\/wp-json\/wp\/v2\/media\/1167"}],"wp:attachment":[{"href":"https:\/\/www.abyssa.com\/fr\/wp-json\/wp\/v2\/media?parent=1170"}],"wp:term":[{"taxonomy":"category","embeddable":true,"href":"https:\/\/www.abyssa.com\/fr\/wp-json\/wp\/v2\/categories?post=1170"},{"taxonomy":"post_tag","embeddable":true,"href":"https:\/\/www.abyssa.com\/fr\/wp-json\/wp\/v2\/tags?post=1170"}],"curies":[{"name":"wp","href":"https:\/\/api.w.org\/{rel}","templated":true}]}}